{"id":1001,"date":"2024-07-12T16:48:03","date_gmt":"2024-07-12T16:48:03","guid":{"rendered":"https:\/\/www.manantialradio.cl\/web\/?p=1001"},"modified":"2024-07-12T16:48:03","modified_gmt":"2024-07-12T16:48:03","slug":"teniente-de-carabineros-muere-en-accidente-de-transito-en-victoria","status":"publish","type":"post","link":"https:\/\/www.manantialradio.cl\/web\/2024\/07\/12\/teniente-de-carabineros-muere-en-accidente-de-transito-en-victoria\/","title":{"rendered":"Teniente de Carabineros muere en accidente de tr\u00e1nsito en Victoria"},"content":{"rendered":"\n<h2 class=\"wp-block-heading\">\u00bfQu\u00e9 pas\u00f3?<\/h2>\n\n\n\n<p class=\"wp-block-paragraph\">Un<strong>&nbsp;teniente de&nbsp;<a href=\"https:\/\/www.meganoticias.cl\/temas\/carabineros\/\">Carabineros<\/a>&nbsp;falleci\u00f3 este viernes producto de un tr\u00e1gico accidente de tr\u00e1nsito<\/strong>&nbsp;registrado en la comuna de Victoria, ubicada en la Provincia de Malleco, regi\u00f3n de&nbsp;<a href=\"https:\/\/www.meganoticias.cl\/temas\/region-de-la-araucania\/\">La Araucan\u00eda<\/a>.<\/p>\n\n\n\n<p class=\"wp-block-paragraph\">El funcionario fallecido fue identificado como\u00a0<strong>Cristi\u00e1n Labr\u00edn Alarc\u00f3n<\/strong>\u00a0y pertenec\u00eda a la Sexta Comisar\u00eda de Ercilla.<\/p>\n\n\n\n<p class=\"wp-block-paragraph\">Seg\u00fan confirm\u00f3&nbsp;<a href=\"https:\/\/www.meganoticias.cl\/temas\/carabineros\/\">Carabineros<\/a>&nbsp;a&nbsp;<strong>Meganoticias<\/strong>, el accidente se produjo cuando&nbsp;<strong>el teniente Labr\u00edn se dirig\u00eda a su lugar de trabajo<\/strong>, momento en que, debido a la situaci\u00f3n climatol\u00f3gica, y por consecuencia, la presencia de&nbsp;<strong>escarcha en la calzada<\/strong>, el uniformado perdi\u00f3 el control de su veh\u00edculo y<strong>&nbsp;acab\u00f3 volcando en la v\u00eda<\/strong>.<\/p>\n\n\n\n<p class=\"wp-block-paragraph\">Adem\u00e1s, desde&nbsp;<a href=\"https:\/\/www.meganoticias.cl\/temas\/carabineros\/\">Carabineros<\/a>&nbsp;de&nbsp;<a href=\"https:\/\/www.meganoticias.cl\/temas\/noticias-chile\/\">Chile<\/a>&nbsp;lamentaron la muerte del Teniente&nbsp;Cristi\u00e1n Labr\u00edn Alarc\u00f3n producto del tr\u00e1gico accidente.<\/p>\n\n\n\n<p class=\"wp-block-paragraph\"><strong>Noticia en desarrollo\u2026<\/strong><\/p>\n","protected":false},"excerpt":{"rendered":"<p>\u00bfQu\u00e9 pas\u00f3? Un&nbsp;teniente de&nbsp;Carabineros&nbsp;falleci\u00f3 este viernes producto de un tr\u00e1gico accidente de tr\u00e1nsito&nbsp;registrado en la comuna de Victoria, ubicada en la Provincia de Malleco, regi\u00f3n de&nbsp;La Araucan\u00eda. El funcionario fallecido fue identificado como\u00a0Cristi\u00e1n Labr\u00edn Alarc\u00f3n\u00a0y pertenec\u00eda a la Sexta Comisar\u00eda&#8230;<\/p>\n","protected":false},"author":1,"featured_media":1002,"comment_status":"open","ping_status":"open","sticky":false,"template":"","format":"standard","meta":{"footnotes":""},"categories":[1],"tags":[],"class_list":["post-1001","post","type-post","status-publish","format-standard","has-post-thumbnail","hentry","category-noticias"],"_links":{"self":[{"href":"https:\/\/www.manantialradio.cl\/web\/wp-json\/wp\/v2\/posts\/1001","targetHints":{"allow":["GET"]}}],"collection":[{"href":"https:\/\/www.manantialradio.cl\/web\/wp-json\/wp\/v2\/posts"}],"about":[{"href":"https:\/\/www.manantialradio.cl\/web\/wp-json\/wp\/v2\/types\/post"}],"author":[{"embeddable":true,"href":"https:\/\/www.manantialradio.cl\/web\/wp-json\/wp\/v2\/users\/1"}],"replies":[{"embeddable":true,"href":"https:\/\/www.manantialradio.cl\/web\/wp-json\/wp\/v2\/comments?post=1001"}],"version-history":[{"count":1,"href":"https:\/\/www.manantialradio.cl\/web\/wp-json\/wp\/v2\/posts\/1001\/revisions"}],"predecessor-version":[{"id":1003,"href":"https:\/\/www.manantialradio.cl\/web\/wp-json\/wp\/v2\/posts\/1001\/revisions\/1003"}],"wp:featuredmedia":[{"embeddable":true,"href":"https:\/\/www.manantialradio.cl\/web\/wp-json\/wp\/v2\/media\/1002"}],"wp:attachment":[{"href":"https:\/\/www.manantialradio.cl\/web\/wp-json\/wp\/v2\/media?parent=1001"}],"wp:term":[{"taxonomy":"category","embeddable":true,"href":"https:\/\/www.manantialradio.cl\/web\/wp-json\/wp\/v2\/categories?post=1001"},{"taxonomy":"post_tag","embeddable":true,"href":"https:\/\/www.manantialradio.cl\/web\/wp-json\/wp\/v2\/tags?post=1001"}],"curies":[{"name":"wp","href":"https:\/\/api.w.org\/{rel}","templated":true}]}}