{"id":1035,"date":"2024-07-15T19:37:46","date_gmt":"2024-07-15T19:37:46","guid":{"rendered":"https:\/\/www.manantialradio.cl\/web\/?p=1035"},"modified":"2024-07-15T19:37:46","modified_gmt":"2024-07-15T19:37:46","slug":"investigan-hallazgo-de-restos-humanos-en-microbasural-y-canal-de-regadio-de-cerrillos","status":"publish","type":"post","link":"https:\/\/www.manantialradio.cl\/web\/2024\/07\/15\/investigan-hallazgo-de-restos-humanos-en-microbasural-y-canal-de-regadio-de-cerrillos\/","title":{"rendered":"Investigan hallazgo de restos humanos en microbasural y canal de regad\u00edo de Cerrillos"},"content":{"rendered":"\n<p>La&nbsp;<a href=\"https:\/\/www.meganoticias.cl\/temas\/pdi\/\" target=\"_blank\" rel=\"noreferrer noopener\">Polic\u00eda de Investigaciones<\/a>&nbsp;(PDI) realiza este lunes los primeros peritajes tras el<strong>&nbsp;hallazgo de restos humanos&nbsp;<\/strong>en un<strong>&nbsp;microbasural y un canal de regad\u00edo<\/strong>&nbsp;en la comuna de Cerrillos,&nbsp;<a href=\"https:\/\/www.meganoticias.cl\/temas\/region-metropolitana\/\">Regi\u00f3n Metropolitana<\/a>.&nbsp; &nbsp;<\/p>\n\n\n\n<h2 class=\"wp-block-heading\">\u00bfQu\u00e9 se sabe sobre el hallazgo de los restos humanos?&nbsp;<\/h2>\n\n\n\n<p>De acuerdo a informaci\u00f3n policial, el hallazgo lo hizo personal de la empresa Entel cerca de las 11:30 horas, mientras realizaban labores en avenida Lo Espejo.&nbsp;<\/p>\n\n\n\n<p><\/p>\n\n\n\n<p>Las primeras osamentas fueron encontradas en un<strong>&nbsp;microbasural.<\/strong>&nbsp;De inmediato, los trabajadores dieron aviso a Carabineros.<\/p>\n\n\n\n<p>Una vez que los uniformados llegaron al sitio del suceso, hicieron un rastreo por el sector y terminaron&nbsp;<strong>encontrando m\u00e1s restos \u00f3seos y ropas de vestir<\/strong>&nbsp;al interior de un canal de regad\u00edo que est\u00e1 seco.&nbsp;<\/p>\n\n\n\n<figure class=\"wp-block-image\"><img decoding=\"async\" src=\"https:\/\/images2.mega.cl\/meganoticias\/2024\/07\/15\/452884_3_66955d3f4aca6.jpg\" alt=\"\"\/><figcaption class=\"wp-element-caption\">Aton \/ Referencial<\/figcaption><\/figure>\n\n\n\n<h2 class=\"wp-block-heading\">PDI qued\u00f3 a cargo de las diligencias&nbsp;<\/h2>\n\n\n\n<p>El Ministerio P\u00fablico determin\u00f3 que la<strong>\u00a0Brigada de Homicidios (BH) de la PDI<\/strong>\u00a0se haga cargo de las diligencias para determinar la causa y data de muerte de la o las personas halladas.\u00a0<\/p>\n\n\n\n<p>De momento, se desconocen mayores detalles de la evidencia encontrada, sin embargo, se espera que en los pr\u00f3ximos minutos se entreguen m\u00e1s detalles.<\/p>\n\n\n\n<p><\/p>\n\n\n\n<p>Por ahora, el&nbsp;<strong>per\u00edmetro est\u00e1 siendo resguardado por la polic\u00eda<\/strong>&nbsp;a la espera de la llegada de personal especializado y fiscal\u00eda.&nbsp;<\/p>\n","protected":false},"excerpt":{"rendered":"<p>La&nbsp;Polic\u00eda de Investigaciones&nbsp;(PDI) realiza este lunes los primeros peritajes tras el&nbsp;hallazgo de restos humanos&nbsp;en un&nbsp;microbasural y un canal de regad\u00edo&nbsp;en la comuna de Cerrillos,&nbsp;Regi\u00f3n Metropolitana.&nbsp; &nbsp; \u00bfQu\u00e9 se sabe sobre el hallazgo de los restos humanos?&nbsp; De acuerdo a informaci\u00f3n&#8230;<\/p>\n","protected":false},"author":1,"featured_media":1036,"comment_status":"open","ping_status":"open","sticky":false,"template":"","format":"standard","meta":{"footnotes":""},"categories":[1],"tags":[],"class_list":["post-1035","post","type-post","status-publish","format-standard","has-post-thumbnail","hentry","category-noticias"],"_links":{"self":[{"href":"https:\/\/www.manantialradio.cl\/web\/wp-json\/wp\/v2\/posts\/1035","targetHints":{"allow":["GET"]}}],"collection":[{"href":"https:\/\/www.manantialradio.cl\/web\/wp-json\/wp\/v2\/posts"}],"about":[{"href":"https:\/\/www.manantialradio.cl\/web\/wp-json\/wp\/v2\/types\/post"}],"author":[{"embeddable":true,"href":"https:\/\/www.manantialradio.cl\/web\/wp-json\/wp\/v2\/users\/1"}],"replies":[{"embeddable":true,"href":"https:\/\/www.manantialradio.cl\/web\/wp-json\/wp\/v2\/comments?post=1035"}],"version-history":[{"count":1,"href":"https:\/\/www.manantialradio.cl\/web\/wp-json\/wp\/v2\/posts\/1035\/revisions"}],"predecessor-version":[{"id":1037,"href":"https:\/\/www.manantialradio.cl\/web\/wp-json\/wp\/v2\/posts\/1035\/revisions\/1037"}],"wp:featuredmedia":[{"embeddable":true,"href":"https:\/\/www.manantialradio.cl\/web\/wp-json\/wp\/v2\/media\/1036"}],"wp:attachment":[{"href":"https:\/\/www.manantialradio.cl\/web\/wp-json\/wp\/v2\/media?parent=1035"}],"wp:term":[{"taxonomy":"category","embeddable":true,"href":"https:\/\/www.manantialradio.cl\/web\/wp-json\/wp\/v2\/categories?post=1035"},{"taxonomy":"post_tag","embeddable":true,"href":"https:\/\/www.manantialradio.cl\/web\/wp-json\/wp\/v2\/tags?post=1035"}],"curies":[{"name":"wp","href":"https:\/\/api.w.org\/{rel}","templated":true}]}}