{"id":1049,"date":"2024-07-18T13:20:07","date_gmt":"2024-07-18T13:20:07","guid":{"rendered":"https:\/\/www.manantialradio.cl\/web\/?p=1049"},"modified":"2024-07-18T13:20:07","modified_gmt":"2024-07-18T13:20:07","slug":"boric-encabeza-gabinete-pro-seguridad-tras-crimenes-en-la-rm-debemos-dar-una-senal-contundente-a-la-ciudadania","status":"publish","type":"post","link":"https:\/\/www.manantialradio.cl\/web\/2024\/07\/18\/boric-encabeza-gabinete-pro-seguridad-tras-crimenes-en-la-rm-debemos-dar-una-senal-contundente-a-la-ciudadania\/","title":{"rendered":"Boric encabeza Gabinete Pro Seguridad tras cr\u00edmenes en la RM: \u00abDebemos dar una se\u00f1al contundente a la ciudadan\u00eda\u00bb"},"content":{"rendered":"\n<p>A las 07:00 horas de este jueves comenz\u00f3 una&nbsp;<strong>nueva sesi\u00f3n del Gabinete Pro Seguridad<\/strong>&nbsp;en el palacio de La&nbsp;<a href=\"https:\/\/www.meganoticias.cl\/temas\/monedas-valiosas\/\">Moneda<\/a>, encabezado por el Presidente&nbsp;<a href=\"https:\/\/www.meganoticias.cl\/temas\/gabriel-boric\/\">Gabriel Boric<\/a>&nbsp;y acompa\u00f1ado por los ministros del Interior, Hacienda, Justicia y Defensa.<\/p>\n\n\n\n<p>Esta cita se da en el contexto de los graves hechos de violencia registrados en los \u00faltimos d\u00edas en la\u00a0<a href=\"https:\/\/www.meganoticias.cl\/temas\/region-metropolitana\/\">Regi\u00f3n Metropolitana<\/a>.\u00a0Cabe recordar que el domingo,\u00a0<strong>cuatro adolescentes fueron asesinados<\/strong>\u00a0a tiros en Quilicura. Este martes, en tanto,\u00a0<strong>cinco personas fallecieron<\/strong>\u00a0por impactos de bala en Lampa.<\/p>\n\n\n\n<h2 class=\"wp-block-heading\">\u00abNuestros ciudadanos merecen vivir en paz, sin miedo\u00bb&nbsp;<\/h2>\n\n\n\n<p>\u00abLos he citado adelantando el Gabinete Pro Seguridad que ten\u00edamos planificado, para abordar las diversas medidas que hemos tomado en los \u00faltimos meses a prop\u00f3sito, en particular, del crimen organizado y con mucho \u00e9nfasis en los cr\u00edmenes contra menores de edad, donde algunas de estas medidas a nivel nacional han dado resultado, sin embargo, en la&nbsp;<a href=\"https:\/\/www.meganoticias.cl\/temas\/region-metropolitana\/\">Regi\u00f3n Metropolitana<\/a>&nbsp;falta much\u00edsimo m\u00e1s\u00bb, comenz\u00f3 se\u00f1alando el jefe de Estado.&nbsp;<\/p>\n\n\n\n<p>\u00abEl recrudecimiento de la violencia que hemos visto el \u00faltimo fin de semana nos obliga y corresponde tener a todo el Estado, dirigido por el&nbsp;<a href=\"https:\/\/www.meganoticias.cl\/temas\/gobierno\/\">Gobierno<\/a>, en sentido de urgencia que no puede dejarse amedrentar\u00bb, agreg\u00f3 el Presidente Gabriel Boric.&nbsp;<\/p>\n\n\n\n<figure class=\"wp-block-image\"><img decoding=\"async\" src=\"https:\/\/images2.mega.cl\/meganoticias\/2024\/07\/18\/_453101_2_6699007491253.jpg\" alt=\"\"\/><figcaption class=\"wp-element-caption\">Aton<\/figcaption><\/figure>\n\n\n\n<p>En la instancia, el mandatario le dijo a sus ministros: \u00abQuiero que en esta reuni\u00f3n tomemos medidas concretas que se le informen a la ciudadan\u00eda, porque nuestros ciudadanos merecen vivir en paz, sin miedo. Tengo la convicci\u00f3n que<strong>\u00a0como Gobierno podemos y debemos hacer m\u00e1s<\/strong>, en conjunto con las polic\u00edas, la fiscal\u00eda y el Poder Judicial\u00bb.<\/p>\n\n\n\n<p>\u00abVamos a revisar, en particular, las medidas relativas a c\u00e1rceles, pero adem\u00e1s a la gobernanza de la seguridad en la Regi\u00f3n Metropolitana\u00bb, se\u00f1al\u00f3.&nbsp;<\/p>\n\n\n\n<p><\/p>\n\n\n\n<p>\u00abCreo que en esto tenemos que dar una se\u00f1al muy contundente a la ciudadan\u00eda, pero tambi\u00e9n hacia los delincuentes. En&nbsp;<a href=\"https:\/\/www.meganoticias.cl\/temas\/noticias-chile\/\">Chile<\/a>&nbsp;no va a haber impunidad, y quienes comentan delitos van a ser perseguidos, encontrados y encarcelados\u00bb, a\u00f1adi\u00f3 la m\u00e1xima autoridad del pa\u00eds.&nbsp;<\/p>\n\n\n\n<p>En la instancia, le pidi\u00f3 a su gabinete \u00abla m\u00e1xima prioridad en sus carteras respecto de esto. Vamos a discutir otras medidas que vamos a estar informando al final de esta jornada y otras cosas durante la pr\u00f3xima semana\u00bb.&nbsp;<\/p>\n","protected":false},"excerpt":{"rendered":"<p>A las 07:00 horas de este jueves comenz\u00f3 una&nbsp;nueva sesi\u00f3n del Gabinete Pro Seguridad&nbsp;en el palacio de La&nbsp;Moneda, encabezado por el Presidente&nbsp;Gabriel Boric&nbsp;y acompa\u00f1ado por los ministros del Interior, Hacienda, Justicia y Defensa. Esta cita se da en el contexto&#8230;<\/p>\n","protected":false},"author":1,"featured_media":1050,"comment_status":"open","ping_status":"open","sticky":false,"template":"","format":"standard","meta":{"footnotes":""},"categories":[1],"tags":[],"class_list":["post-1049","post","type-post","status-publish","format-standard","has-post-thumbnail","hentry","category-noticias"],"_links":{"self":[{"href":"https:\/\/www.manantialradio.cl\/web\/wp-json\/wp\/v2\/posts\/1049","targetHints":{"allow":["GET"]}}],"collection":[{"href":"https:\/\/www.manantialradio.cl\/web\/wp-json\/wp\/v2\/posts"}],"about":[{"href":"https:\/\/www.manantialradio.cl\/web\/wp-json\/wp\/v2\/types\/post"}],"author":[{"embeddable":true,"href":"https:\/\/www.manantialradio.cl\/web\/wp-json\/wp\/v2\/users\/1"}],"replies":[{"embeddable":true,"href":"https:\/\/www.manantialradio.cl\/web\/wp-json\/wp\/v2\/comments?post=1049"}],"version-history":[{"count":1,"href":"https:\/\/www.manantialradio.cl\/web\/wp-json\/wp\/v2\/posts\/1049\/revisions"}],"predecessor-version":[{"id":1051,"href":"https:\/\/www.manantialradio.cl\/web\/wp-json\/wp\/v2\/posts\/1049\/revisions\/1051"}],"wp:featuredmedia":[{"embeddable":true,"href":"https:\/\/www.manantialradio.cl\/web\/wp-json\/wp\/v2\/media\/1050"}],"wp:attachment":[{"href":"https:\/\/www.manantialradio.cl\/web\/wp-json\/wp\/v2\/media?parent=1049"}],"wp:term":[{"taxonomy":"category","embeddable":true,"href":"https:\/\/www.manantialradio.cl\/web\/wp-json\/wp\/v2\/categories?post=1049"},{"taxonomy":"post_tag","embeddable":true,"href":"https:\/\/www.manantialradio.cl\/web\/wp-json\/wp\/v2\/tags?post=1049"}],"curies":[{"name":"wp","href":"https:\/\/api.w.org\/{rel}","templated":true}]}}