{"id":106,"date":"2024-04-03T13:02:21","date_gmt":"2024-04-03T13:02:21","guid":{"rendered":"https:\/\/www.manantialradio.cl\/web\/?p=106"},"modified":"2024-04-03T13:02:21","modified_gmt":"2024-04-03T13:02:21","slug":"javier-macaya-tras-formalizacion-de-jadue-el-hecho-de-que-la-politica-este-en-un-proceso-de-judicializacion-constante-no-es-una-buena-noticia","status":"publish","type":"post","link":"https:\/\/www.manantialradio.cl\/web\/2024\/04\/03\/javier-macaya-tras-formalizacion-de-jadue-el-hecho-de-que-la-politica-este-en-un-proceso-de-judicializacion-constante-no-es-una-buena-noticia\/","title":{"rendered":"Javier Macaya tras formalizaci\u00f3n de Jadue: \u201cEl hecho de que la pol\u00edtica est\u00e9 en un proceso de judicializaci\u00f3n constante no es una buena noticia\u201d"},"content":{"rendered":"\n<p class=\"wp-block-paragraph\">Este martes el Ministerio P\u00fablico solicit\u00f3 formalizar al alcalde de Recoleta,&nbsp;<strong>Daniel Jadue<\/strong>, por los delitos de cohecho, administraci\u00f3n desleal, fraude al fisco y estafa, en el marco de la investigaci\u00f3n de las negociaciones de la&nbsp;Asociaci\u00f3n Chilena de Municipalidades con Farmacias Populares (Achifarp).<\/p>\n\n\n\n<p class=\"wp-block-paragraph\">El presidente de la UDI,&nbsp;<strong>Javier Macaya<\/strong>, abord\u00f3 el tema en&nbsp;<a href=\"https:\/\/www.radioagricultura.cl\/podcast_programas\/la-manana-de-agricultura\/#\">\u201cLa Ma\u00f1ana de Agricultura\u201d<\/a>&nbsp;y aunque dijo que \u201cpara nadie es un misterio que somos antagonista del Partido Comunista\u201d, se\u00f1al\u00f3 que esto no es una buena informaci\u00f3n para la ciudadan\u00eda.<\/p>\n\n\n\n<p class=\"wp-block-paragraph\">\u201c<strong>El hecho de que la pol\u00edtica est\u00e9 en un proceso de judicializaci\u00f3n constante no es una buena noticia para el pa\u00eds.<\/strong>&nbsp;Yo creo que la formalizaci\u00f3n que se anuncia es, por cierto, una oportunidad de que se aclaren las situaciones, de que el alcalde Jadue, que lo ha dicho durante mucho tiempo, tenga la oportunidad de mostrar sus afirmaciones. Nosotros creemos, y particularmente los que han llevado la causa, creen que existen delitos graves en la municipalidad de Recoleta en los \u00faltimos a\u00f1os\u201d, dijo.<\/p>\n\n\n\n<p class=\"wp-block-paragraph\">El senador agreg\u00f3 que \u201ca m\u00ed me pasa que, desde la perspectiva de la desafecci\u00f3n ciudadana hacia la pol\u00edtica en general,&nbsp;<strong>esta es una mala noticia<\/strong>, m\u00e1s all\u00e1 que tengamos un antagonismo y queramos enfrentar en todas las veredas al Partido Comunista, que son las de la pol\u00edtica.&nbsp;<strong>Pero hoy es la pol\u00edtica la que est\u00e1, de alguna manera, judicializada<\/strong>\u201c.<\/p>\n\n\n\n<p class=\"wp-block-paragraph\">Consultado por el<strong>&nbsp;\u201ccriterio Toh\u00e1\u201d<\/strong>, sobre si dejar los cargos p\u00fablicos a cuando se es formalizado, Macaya coment\u00f3 que \u201cyo creo que el criterio de que la formalizaci\u00f3n implique la suspensi\u00f3n de por s\u00ed de derecho o de cargos, me parece que es un error,&nbsp;<strong>un absoluto error<\/strong>\u201c.<\/p>\n\n\n\n<p class=\"wp-block-paragraph\">\u201cHago una analog\u00eda con lo que hemos criticado respecto de la persecuci\u00f3n penal de la que est\u00e1 siendo objeto, por ejemplo, el general Y\u00e1\u00f1ez. A m\u00ed me parece que es un error aplicar este criterio, porque la formalizaci\u00f3n, hay que tener en cuenta que puede venir, y ah\u00ed hay una diferencia, acompa\u00f1ada de ciertas medidas cautelares (\u2026) y probablemente, no por la formalizaci\u00f3n misma, sino que las medidas cautelares es el criterio que se tenga que aplicar.&nbsp;<strong>No es por simplemente la decisi\u00f3n de un fiscal de iniciar una investigaci\u00f3n, sino que ser por la decisi\u00f3n de un tribunal<\/strong>\u201c, a\u00f1adi\u00f3.<\/p>\n\n\n\n<p class=\"wp-block-paragraph\">\u201cEse me parece que ese es un par\u00e1metro m\u00e1s objetivo&nbsp;<strong>que no depende de solo la voluntad de un solo persecutor penal<\/strong>\u201c, concluy\u00f3 el presidente de la UDI.<\/p>\n","protected":false},"excerpt":{"rendered":"<p>Este martes el Ministerio P\u00fablico solicit\u00f3 formalizar al alcalde de Recoleta,&nbsp;Daniel Jadue, por los delitos de cohecho, administraci\u00f3n desleal, fraude al fisco y estafa, en el marco de la investigaci\u00f3n de las negociaciones de la&nbsp;Asociaci\u00f3n Chilena de Municipalidades con Farmacias&#8230;<\/p>\n","protected":false},"author":1,"featured_media":107,"comment_status":"open","ping_status":"open","sticky":false,"template":"","format":"standard","meta":{"footnotes":""},"categories":[1],"tags":[],"class_list":["post-106","post","type-post","status-publish","format-standard","has-post-thumbnail","hentry","category-noticias"],"_links":{"self":[{"href":"https:\/\/www.manantialradio.cl\/web\/wp-json\/wp\/v2\/posts\/106","targetHints":{"allow":["GET"]}}],"collection":[{"href":"https:\/\/www.manantialradio.cl\/web\/wp-json\/wp\/v2\/posts"}],"about":[{"href":"https:\/\/www.manantialradio.cl\/web\/wp-json\/wp\/v2\/types\/post"}],"author":[{"embeddable":true,"href":"https:\/\/www.manantialradio.cl\/web\/wp-json\/wp\/v2\/users\/1"}],"replies":[{"embeddable":true,"href":"https:\/\/www.manantialradio.cl\/web\/wp-json\/wp\/v2\/comments?post=106"}],"version-history":[{"count":1,"href":"https:\/\/www.manantialradio.cl\/web\/wp-json\/wp\/v2\/posts\/106\/revisions"}],"predecessor-version":[{"id":108,"href":"https:\/\/www.manantialradio.cl\/web\/wp-json\/wp\/v2\/posts\/106\/revisions\/108"}],"wp:featuredmedia":[{"embeddable":true,"href":"https:\/\/www.manantialradio.cl\/web\/wp-json\/wp\/v2\/media\/107"}],"wp:attachment":[{"href":"https:\/\/www.manantialradio.cl\/web\/wp-json\/wp\/v2\/media?parent=106"}],"wp:term":[{"taxonomy":"category","embeddable":true,"href":"https:\/\/www.manantialradio.cl\/web\/wp-json\/wp\/v2\/categories?post=106"},{"taxonomy":"post_tag","embeddable":true,"href":"https:\/\/www.manantialradio.cl\/web\/wp-json\/wp\/v2\/tags?post=106"}],"curies":[{"name":"wp","href":"https:\/\/api.w.org\/{rel}","templated":true}]}}