{"id":1113,"date":"2024-07-26T19:28:08","date_gmt":"2024-07-26T19:28:08","guid":{"rendered":"https:\/\/www.manantialradio.cl\/web\/?p=1113"},"modified":"2024-07-26T19:28:08","modified_gmt":"2024-07-26T19:28:08","slug":"me-desperte-cuando-escuche-los-gritos-el-relato-de-una-vecina-del-nino-que-murio-al-caer-de-un-edificio-en-la-florida","status":"publish","type":"post","link":"https:\/\/www.manantialradio.cl\/web\/2024\/07\/26\/me-desperte-cuando-escuche-los-gritos-el-relato-de-una-vecina-del-nino-que-murio-al-caer-de-un-edificio-en-la-florida\/","title":{"rendered":"\u00abMe despert\u00e9 cuando escuch\u00e9 los gritos\u00bb: El relato de una vecina del ni\u00f1o que muri\u00f3 al caer de un edificio en La Florida"},"content":{"rendered":"\n<p class=\"wp-block-paragraph\">Un alarmante episodio se vivi\u00f3 en la&nbsp;madrugada de este viernes, cuando un&nbsp;<a href=\"https:\/\/www.meganoticias.cl\/nacional\/453926-nino-6-anos-muere-cayo-septimo-piso-edificio-la-florida-region-metropolitana-brk-26-7-2024.html\" target=\"_blank\" rel=\"noreferrer noopener\">ni\u00f1o de seis a\u00f1os muri\u00f3 al caer de un edificio en la comuna de La Florida<\/a>. La situaci\u00f3n gener\u00f3 la llegada de personal policial, que ahora investiga las circunstancias del fatal accidente.<\/p>\n\n\n\n<p class=\"wp-block-paragraph\">La ca\u00edda se habr\u00eda producido a eso de las\u00a0<strong>03:00 de la madrugada<\/strong>\u00a0en la calle San Carlos de Ancud, cuando el peque\u00f1o estaba solo en la vivienda.<\/p>\n\n\n\n<p class=\"wp-block-paragraph\">En concreto, el menor de edad se precipit\u00f3 de un&nbsp;<strong>piso 7<\/strong>&nbsp;y fue hallado por el conserje, quien m\u00e1s tarde dio aviso a&nbsp;<a href=\"https:\/\/www.meganoticias.cl\/temas\/carabineros\/\">Carabineros<\/a>.<\/p>\n\n\n\n<h2 class=\"wp-block-heading\">El relato de una vecina del sector<\/h2>\n\n\n\n<p class=\"wp-block-paragraph\">En conversaci\u00f3n con el matinal \u00ab<a href=\"https:\/\/www.meganoticias.cl\/temas\/mucho-gusto\/\">Mucho Gusto<\/a>\u00ab, una vecina de la familia del ni\u00f1o explic\u00f3 c\u00f3mo se enter\u00f3 de lo ocurrido, afirmando que se despert\u00f3 por los gritos de las personas.<\/p>\n\n\n\n<figure class=\"wp-block-image\"><img decoding=\"async\" src=\"https:\/\/images2.mega.cl\/meganoticias\/2024\/07\/26\/el-relato-de-vecina-de-nino-que-cayo-de-un-edificio-en-la-florida_453952_2_66a3b80dd3441.jpg\" alt=\"\"\/><figcaption class=\"wp-element-caption\">La vecina de la familia del ni\u00f1o en La Florida<\/figcaption><\/figure>\n\n\n\n<p class=\"wp-block-paragraph\">\u00abEscuch\u00e9 a unas personas hablando y pens\u00e9 que era normal. Mi perrita empez\u00f3 a ladrar y\u00a0<strong>de la nada empec\u00e9 a escuchar gritos s\u00faper desesperantes<\/strong>. Pens\u00e9 que era una muchacha que le estaban robando\u00bb, indic\u00f3.<\/p>\n\n\n\n<p class=\"wp-block-paragraph\">A partir de all\u00ed, dijo: \u00ab<strong>M<\/strong><strong>e asomo y encuentro todo lleno de patrullas<\/strong>&nbsp;y estaba la carpa. Lamentablemente, falleci\u00f3 nuestro vecinito. Mi mam\u00e1 vende empanaditas y varias veces le \u00edbamos a llevar empanadas al beb\u00e9\u00bb.<\/p>\n\n\n\n<p class=\"wp-block-paragraph\"><\/p>\n\n\n\n<h2 class=\"wp-block-heading\">\u00abLo impresionante es que yo no escuch\u00e9 nada\u00bb<\/h2>\n\n\n\n<p class=\"wp-block-paragraph\">Acerca de la madre del ni\u00f1o fallecido, la vecina explic\u00f3 que \u00abella tiene su negocio de galletitas. Escuch\u00e9 por las noticias que supuestamente estaba vendiendo, que qui\u00e9n pide galletas a esa hora\u00bb.<\/p>\n\n\n\n<p class=\"wp-block-paragraph\">\u00abNosotros tenemos un grupo y el edificio es s\u00faper peque\u00f1o y a veces nos antojamos de dulces.&nbsp;<strong>Me imagino que un descuido<\/strong>&#8230; pas\u00f3 lo que pas\u00f3\u00bb, sostuvo.<\/p>\n\n\n\n<figure class=\"wp-block-image\"><img decoding=\"async\" src=\"https:\/\/images2.mega.cl\/meganoticias\/2024\/07\/26\/453952_3_66a3b839626c5.jpg\" alt=\"\"\/><figcaption class=\"wp-element-caption\">El operativo tras la ca\u00edda del ni\u00f1o del edificio<\/figcaption><\/figure>\n\n\n\n<p class=\"wp-block-paragraph\">La vecina agreg\u00f3 que \u00ablo impresionante es que yo no escuch\u00e9 nada. No escuch\u00e9 en ning\u00fan momento que el ni\u00f1o cay\u00f3.<strong>&nbsp;Me despert\u00e9 cuando escuch\u00e9 los gritos<\/strong>\u00ab.<\/p>\n\n\n\n<p class=\"wp-block-paragraph\">Cabe destacar que a\u00fan no est\u00e1 clara la raz\u00f3n por la cual el ni\u00f1o se encontraba solo y a esa hora de la noche dentro del departamento, que adem\u00e1s&nbsp;<strong>no contaba con una malla de seguridad<\/strong>.<\/p>\n\n\n\n<p class=\"wp-block-paragraph\"><\/p>\n","protected":false},"excerpt":{"rendered":"<p>Un alarmante episodio se vivi\u00f3 en la&nbsp;madrugada de este viernes, cuando un&nbsp;ni\u00f1o de seis a\u00f1os muri\u00f3 al caer de un edificio en la comuna de La Florida. La situaci\u00f3n gener\u00f3 la llegada de personal policial, que ahora investiga las circunstancias&#8230;<\/p>\n","protected":false},"author":1,"featured_media":1114,"comment_status":"open","ping_status":"open","sticky":false,"template":"","format":"standard","meta":{"footnotes":""},"categories":[1],"tags":[],"class_list":["post-1113","post","type-post","status-publish","format-standard","has-post-thumbnail","hentry","category-noticias"],"_links":{"self":[{"href":"https:\/\/www.manantialradio.cl\/web\/wp-json\/wp\/v2\/posts\/1113","targetHints":{"allow":["GET"]}}],"collection":[{"href":"https:\/\/www.manantialradio.cl\/web\/wp-json\/wp\/v2\/posts"}],"about":[{"href":"https:\/\/www.manantialradio.cl\/web\/wp-json\/wp\/v2\/types\/post"}],"author":[{"embeddable":true,"href":"https:\/\/www.manantialradio.cl\/web\/wp-json\/wp\/v2\/users\/1"}],"replies":[{"embeddable":true,"href":"https:\/\/www.manantialradio.cl\/web\/wp-json\/wp\/v2\/comments?post=1113"}],"version-history":[{"count":1,"href":"https:\/\/www.manantialradio.cl\/web\/wp-json\/wp\/v2\/posts\/1113\/revisions"}],"predecessor-version":[{"id":1115,"href":"https:\/\/www.manantialradio.cl\/web\/wp-json\/wp\/v2\/posts\/1113\/revisions\/1115"}],"wp:featuredmedia":[{"embeddable":true,"href":"https:\/\/www.manantialradio.cl\/web\/wp-json\/wp\/v2\/media\/1114"}],"wp:attachment":[{"href":"https:\/\/www.manantialradio.cl\/web\/wp-json\/wp\/v2\/media?parent=1113"}],"wp:term":[{"taxonomy":"category","embeddable":true,"href":"https:\/\/www.manantialradio.cl\/web\/wp-json\/wp\/v2\/categories?post=1113"},{"taxonomy":"post_tag","embeddable":true,"href":"https:\/\/www.manantialradio.cl\/web\/wp-json\/wp\/v2\/tags?post=1113"}],"curies":[{"name":"wp","href":"https:\/\/api.w.org\/{rel}","templated":true}]}}