{"id":1116,"date":"2024-07-29T13:24:36","date_gmt":"2024-07-29T13:24:36","guid":{"rendered":"https:\/\/www.manantialradio.cl\/web\/?p=1116"},"modified":"2024-07-29T13:24:36","modified_gmt":"2024-07-29T13:24:36","slug":"detienen-a-tres-personas-por-triple-homicidio-de-carabineros-en-canete","status":"publish","type":"post","link":"https:\/\/www.manantialradio.cl\/web\/2024\/07\/29\/detienen-a-tres-personas-por-triple-homicidio-de-carabineros-en-canete\/","title":{"rendered":"Detienen a tres personas por triple homicidio de carabineros en Ca\u00f1ete"},"content":{"rendered":"\n<p class=\"wp-block-paragraph\">Tres personas fueron detenidas durante la madrugada de este lunes por el&nbsp;<a href=\"https:\/\/www.meganoticias.cl\/nacional\/446113-matan-carabineros-canete-patrulla-quemada-disparos-desconocidos-region-biobio-fds01-27-04-2024.html\" target=\"_blank\" rel=\"noreferrer noopener\">triple homicidio<\/a>&nbsp;de funcionarios de&nbsp;<a href=\"https:\/\/www.meganoticias.cl\/temas\/carabineros\/\">Carabineros<\/a>&nbsp;ocurrido el pasado mes de abril en Ca\u00f1ete, regi\u00f3n del&nbsp;<a href=\"https:\/\/www.meganoticias.cl\/temas\/region-de-biobio\/\">Biob\u00edo<\/a>.<\/p>\n\n\n\n<p class=\"wp-block-paragraph\">La informaci\u00f3n fue confirmada por la Fiscal\u00eda, que en sus&nbsp;<a href=\"https:\/\/www.meganoticias.cl\/temas\/redes-sociales\/\">redes sociales<\/a>&nbsp;indic\u00f3 que las capturas se concretaron en operativos simult\u00e1neos.<\/p>\n\n\n\n<p class=\"wp-block-paragraph\"><\/p>\n\n\n\n<h2 class=\"wp-block-heading\">\u00bfQu\u00e9 dijo la Fiscal\u00eda sobre los detenidos por el triple homicidio de&nbsp;<a href=\"https:\/\/www.meganoticias.cl\/temas\/carabineros\/\">carabineros<\/a>?<\/h2>\n\n\n\n<p class=\"wp-block-paragraph\">\u00abLas detenciones se realizaron mediante operativos simult\u00e1neos en el sector Antiquina de&nbsp;<strong>Ca\u00f1ete<\/strong>&nbsp;y en la comuna de<strong>&nbsp;Huechuraba<\/strong>,&nbsp;<a href=\"https:\/\/www.meganoticias.cl\/temas\/region-metropolitana\/\">Regi\u00f3n Metropolitana<\/a>\u00ab, detall\u00f3 el Ministerio P\u00fablico.<\/p>\n\n\n\n<p class=\"wp-block-paragraph\">Las labores se concentraron en el&nbsp;<strong>sector Antiquina y en el Camino Viejo de Lleu Lleu<\/strong>, donde trabaj\u00f3 tanto personal del GOPE de&nbsp;<a href=\"https:\/\/www.meganoticias.cl\/temas\/carabineros\/\">Carabineros<\/a>&nbsp;como de la Armada, quienes cortaron el tr\u00e1nsito en la zona por el procedimiento que se extendi\u00f3 por cerca de tres horas.<\/p>\n\n\n\n<figure class=\"wp-block-image\"><img decoding=\"async\" src=\"https:\/\/images2.mega.cl\/meganoticias\/2024\/07\/29\/454152_2_66a784a0882ab.jpg\" alt=\"\"\/><figcaption class=\"wp-element-caption\">Veh\u00edculo en el que fueron encontrados los carabineros asesinados en Ca\u00f1ete<\/figcaption><\/figure>\n\n\n\n<p class=\"wp-block-paragraph\">\u00abEstas acciones responden a \u00f3rdenes judiciales solicitadas por la Fiscal\u00eda en el marco de la investigaci\u00f3n liderada por el fiscal regional de\u00a0<a href=\"https:\/\/www.meganoticias.cl\/temas\/region-de-la-araucania\/\">La Araucan\u00eda<\/a>,\u00a0<strong>Roberto Garrido<\/strong>\u00ab, precis\u00f3 el Ministerio P\u00fablico.<\/p>\n\n\n\n<h2 class=\"wp-block-heading\">\u00bfQu\u00e9 se sabe de los detenidos?<\/h2>\n\n\n\n<p class=\"wp-block-paragraph\">Uno de los aprehendidos fue capturado en&nbsp;<strong>Huechuraba<\/strong>, mientras que los otros dos en&nbsp;<strong>Ca\u00f1ete<\/strong>, los que fueron trasladados a la comisar\u00eda de la comuna.<\/p>\n\n\n\n<p class=\"wp-block-paragraph\"><\/p>\n\n\n\n<p class=\"wp-block-paragraph\">De acuerdo a informaci\u00f3n preliminar, dos de los sujetos&nbsp;<strong>ser\u00edan hermanos.<\/strong><\/p>\n\n\n\n<p class=\"wp-block-paragraph\">Los detenidos eran motivo de inter\u00e9s desde un principio en la investigaci\u00f3n, que est\u00e1 comandada por un equipo interdisciplinario de<strong>&nbsp;Labocar y del OS9<\/strong>&nbsp;de&nbsp;<a href=\"https:\/\/www.meganoticias.cl\/temas\/carabineros\/\">Carabineros<\/a>.<\/p>\n\n\n\n<p class=\"wp-block-paragraph\">Cabe recordar que, de acuerdo a las diligencias realizadas, ser\u00edan cuatro los involucrados en el triple homicidio de los carabineros.<\/p>\n\n\n\n<h2 class=\"wp-block-heading\">\u00bfQu\u00e9 dijo Carabineros sobre los detenidos por el triple homicidio en Ca\u00f1ete?<\/h2>\n\n\n\n<p class=\"wp-block-paragraph\">El general director de Carabineros,&nbsp;<strong>Ricardo Y\u00e1\u00f1ez<\/strong>, indic\u00f3 que \u00abhace m\u00e1s de tres meses sufrimos el lamentable y cruel asesinato de tres de los nuestros en la provincia de Arauco. Hoy quiero se\u00f1alar que con lo mejor de lo nuestro, con nuestro mejor recurso, que es el capital humano, nuestro equipo multidisciplinario de especialista ha logrado la detenci\u00f3n de tres de estos homicidas\u00bb.<\/p>\n\n\n\n<p class=\"wp-block-paragraph\">\u00abEstamos contentos por el \u00e9xito de una investigaci\u00f3n que no ha estado exenta de complejidades, pero que nuestros especialistas<strong>&nbsp;han sido capaces de sobrellevar<\/strong>&nbsp;y han liderado una investigaci\u00f3n que hoy d\u00eda nos da frutos y podemos entregarle tranquilidad y justicia a sus familias\u00bb, asever\u00f3.<\/p>\n\n\n\n<p class=\"wp-block-paragraph\">\u00ab<strong>Seguiremos trabajando<\/strong>, a\u00fan nos queda mucho por hacer, pero ya por lo menos podemos dar respuesta de que tres detenidos del homicidio se encuentran privados de libertad\u00bb, a\u00f1adi\u00f3.<\/p>\n","protected":false},"excerpt":{"rendered":"<p>Tres personas fueron detenidas durante la madrugada de este lunes por el&nbsp;triple homicidio&nbsp;de funcionarios de&nbsp;Carabineros&nbsp;ocurrido el pasado mes de abril en Ca\u00f1ete, regi\u00f3n del&nbsp;Biob\u00edo. La informaci\u00f3n fue confirmada por la Fiscal\u00eda, que en sus&nbsp;redes sociales&nbsp;indic\u00f3 que las capturas se concretaron&#8230;<\/p>\n","protected":false},"author":1,"featured_media":1117,"comment_status":"open","ping_status":"open","sticky":false,"template":"","format":"standard","meta":{"footnotes":""},"categories":[1],"tags":[],"class_list":["post-1116","post","type-post","status-publish","format-standard","has-post-thumbnail","hentry","category-noticias"],"_links":{"self":[{"href":"https:\/\/www.manantialradio.cl\/web\/wp-json\/wp\/v2\/posts\/1116","targetHints":{"allow":["GET"]}}],"collection":[{"href":"https:\/\/www.manantialradio.cl\/web\/wp-json\/wp\/v2\/posts"}],"about":[{"href":"https:\/\/www.manantialradio.cl\/web\/wp-json\/wp\/v2\/types\/post"}],"author":[{"embeddable":true,"href":"https:\/\/www.manantialradio.cl\/web\/wp-json\/wp\/v2\/users\/1"}],"replies":[{"embeddable":true,"href":"https:\/\/www.manantialradio.cl\/web\/wp-json\/wp\/v2\/comments?post=1116"}],"version-history":[{"count":1,"href":"https:\/\/www.manantialradio.cl\/web\/wp-json\/wp\/v2\/posts\/1116\/revisions"}],"predecessor-version":[{"id":1118,"href":"https:\/\/www.manantialradio.cl\/web\/wp-json\/wp\/v2\/posts\/1116\/revisions\/1118"}],"wp:featuredmedia":[{"embeddable":true,"href":"https:\/\/www.manantialradio.cl\/web\/wp-json\/wp\/v2\/media\/1117"}],"wp:attachment":[{"href":"https:\/\/www.manantialradio.cl\/web\/wp-json\/wp\/v2\/media?parent=1116"}],"wp:term":[{"taxonomy":"category","embeddable":true,"href":"https:\/\/www.manantialradio.cl\/web\/wp-json\/wp\/v2\/categories?post=1116"},{"taxonomy":"post_tag","embeddable":true,"href":"https:\/\/www.manantialradio.cl\/web\/wp-json\/wp\/v2\/tags?post=1116"}],"curies":[{"name":"wp","href":"https:\/\/api.w.org\/{rel}","templated":true}]}}