{"id":1242,"date":"2024-08-22T13:25:04","date_gmt":"2024-08-22T13:25:04","guid":{"rendered":"https:\/\/www.manantialradio.cl\/web\/?p=1242"},"modified":"2024-08-22T13:25:04","modified_gmt":"2024-08-22T13:25:04","slug":"incendio-afecto-antigua-vivienda-en-pleno-centro-de-santiago-se-evacuo-a-cerca-de-30-residentes","status":"publish","type":"post","link":"https:\/\/www.manantialradio.cl\/web\/2024\/08\/22\/incendio-afecto-antigua-vivienda-en-pleno-centro-de-santiago-se-evacuo-a-cerca-de-30-residentes\/","title":{"rendered":"Incendio afect\u00f3 antigua vivienda en pleno centro de Santiago: Se evacu\u00f3 a cerca de 30 residentes"},"content":{"rendered":"\n<p class=\"wp-block-paragraph\">Un\u00a0<strong>incendio<\/strong>\u00a0se registr\u00f3 en la ma\u00f1ana de este jueves en una antigua vivienda tipo cit\u00e9 ubicada en pleno centro de\u00a0<a href=\"https:\/\/www.meganoticias.cl\/temas\/santiago\/\">Santiago<\/a>, en la\u00a0<a href=\"https:\/\/www.meganoticias.cl\/temas\/region-metropolitana\/\">Regi\u00f3n Metropolitana<\/a>.<\/p>\n\n\n\n<p class=\"wp-block-paragraph\">El siniestro se produjo en una&nbsp;<strong>construcci\u00f3n subdividida para el arriendo<\/strong>&nbsp;que est\u00e1 emplazada en la intersecci\u00f3n de las calles<strong>&nbsp;Grajales con Vergara<\/strong>. Los habitantes fueron evacuados por su seguridad.<\/p>\n\n\n\n<h2 class=\"wp-block-heading\">\u00bfQu\u00e9 dijo Bomberos por el incendio en&nbsp;<a href=\"https:\/\/www.meganoticias.cl\/temas\/santiago\/\">Santiago<\/a>?<\/h2>\n\n\n\n<p class=\"wp-block-paragraph\">El cuarto comandante del Cuerpo de Bomberos de&nbsp;<a href=\"https:\/\/www.meganoticias.cl\/temas\/santiago\/\">Santiago<\/a>,&nbsp;<strong>Piero Tardito<\/strong>, se\u00f1al\u00f3 que \u00abun poco antes de las 8:00 horas se da la alarma de incendio en una casa habitaci\u00f3n donde&nbsp;<strong>residen aproximadamente 30 personas<\/strong>\u00ab.<\/p>\n\n\n\n<p class=\"wp-block-paragraph\"><\/p>\n\n\n\n<p class=\"wp-block-paragraph\">\u00abEl fuego surge en la parte posterior de la casa y se propaga por la carga de combustible&nbsp;<strong>al segundo piso y techumbre<\/strong>\u00ab, detall\u00f3.<\/p>\n\n\n\n<p class=\"wp-block-paragraph\"><\/p>\n\n\n\n<h2 class=\"wp-block-heading\">Incendio fue controlado<\/h2>\n\n\n\n<p class=\"wp-block-paragraph\">El comandante sostuvo que \u00abactualmente, hay&nbsp;<strong>12 compa\u00f1\u00edas<\/strong>&nbsp;que est\u00e1n trabajando en el lugar, alrededor de&nbsp;<strong>120 bomberos<\/strong>&nbsp;est\u00e1n terminando las labores de remoci\u00f3n\u00bb.<\/p>\n\n\n\n<p class=\"wp-block-paragraph\">\u00ab<strong>No hay personas lesionadas<\/strong>, ni civiles ni bomberos, y ya&nbsp;<strong>este incendio se encuentra controlado<\/strong>&nbsp;en su propagaci\u00f3n\u00bb, concluy\u00f3.<\/p>\n","protected":false},"excerpt":{"rendered":"<p>Un\u00a0incendio\u00a0se registr\u00f3 en la ma\u00f1ana de este jueves en una antigua vivienda tipo cit\u00e9 ubicada en pleno centro de\u00a0Santiago, en la\u00a0Regi\u00f3n Metropolitana. El siniestro se produjo en una&nbsp;construcci\u00f3n subdividida para el arriendo&nbsp;que est\u00e1 emplazada en la intersecci\u00f3n de las calles&nbsp;Grajales&#8230;<\/p>\n","protected":false},"author":1,"featured_media":1243,"comment_status":"open","ping_status":"open","sticky":false,"template":"","format":"standard","meta":{"footnotes":""},"categories":[1],"tags":[],"class_list":["post-1242","post","type-post","status-publish","format-standard","has-post-thumbnail","hentry","category-noticias"],"_links":{"self":[{"href":"https:\/\/www.manantialradio.cl\/web\/wp-json\/wp\/v2\/posts\/1242","targetHints":{"allow":["GET"]}}],"collection":[{"href":"https:\/\/www.manantialradio.cl\/web\/wp-json\/wp\/v2\/posts"}],"about":[{"href":"https:\/\/www.manantialradio.cl\/web\/wp-json\/wp\/v2\/types\/post"}],"author":[{"embeddable":true,"href":"https:\/\/www.manantialradio.cl\/web\/wp-json\/wp\/v2\/users\/1"}],"replies":[{"embeddable":true,"href":"https:\/\/www.manantialradio.cl\/web\/wp-json\/wp\/v2\/comments?post=1242"}],"version-history":[{"count":1,"href":"https:\/\/www.manantialradio.cl\/web\/wp-json\/wp\/v2\/posts\/1242\/revisions"}],"predecessor-version":[{"id":1244,"href":"https:\/\/www.manantialradio.cl\/web\/wp-json\/wp\/v2\/posts\/1242\/revisions\/1244"}],"wp:featuredmedia":[{"embeddable":true,"href":"https:\/\/www.manantialradio.cl\/web\/wp-json\/wp\/v2\/media\/1243"}],"wp:attachment":[{"href":"https:\/\/www.manantialradio.cl\/web\/wp-json\/wp\/v2\/media?parent=1242"}],"wp:term":[{"taxonomy":"category","embeddable":true,"href":"https:\/\/www.manantialradio.cl\/web\/wp-json\/wp\/v2\/categories?post=1242"},{"taxonomy":"post_tag","embeddable":true,"href":"https:\/\/www.manantialradio.cl\/web\/wp-json\/wp\/v2\/tags?post=1242"}],"curies":[{"name":"wp","href":"https:\/\/api.w.org\/{rel}","templated":true}]}}