{"id":1284,"date":"2024-08-28T18:06:28","date_gmt":"2024-08-28T18:06:28","guid":{"rendered":"https:\/\/www.manantialradio.cl\/web\/?p=1284"},"modified":"2024-08-28T18:06:28","modified_gmt":"2024-08-28T18:06:28","slug":"encuentro-provincial-agricola-se-desarrollara-en-el-carmen","status":"publish","type":"post","link":"https:\/\/www.manantialradio.cl\/web\/2024\/08\/28\/encuentro-provincial-agricola-se-desarrollara-en-el-carmen\/","title":{"rendered":"ENCUENTRO PROVINCIAL AGR\u00cdCOLA SE DESARROLLAR\u00c1 EN EL CARMEN"},"content":{"rendered":"\n<p class=\"wp-block-paragraph\">En el marco del programa del Gobierno Regional de \u00d1uble\u00a0\u00a0\u00abTransferencia de Capacidades a los Peque\u00f1os y Medianos Productores Agr\u00edcolas de \u00d1uble\u00bb, les invitamos a participar del \u201cEncuentro Provincial de Agroecolog\u00eda: El Carmen\u201d\u00a0, jornada que se realizar\u00e1 el d\u00eda viernes 30 de agosto de 2024, en las dependencias del Sal\u00f3n Municipal de la Comuna, destinada a contribuir en la transformaci\u00f3n de la agricultura tradicional a una sustentable, mediante la transferencia de capacidades a los peque\u00f1os y medianos productores agr\u00edcolas de \u00d1uble\u00a0.\u00a0<\/p>\n\n\n\n<p class=\"wp-block-paragraph\">\u00a0Cabe destacar que los cupos son limitados a 40 personas que puedan asistir al taller, actividad necesaria para entregar el certificado de participaci\u00f3n de estas capacitaciones, simposio y taller pr\u00e1ctico.<\/p>\n\n\n\n<p class=\"wp-block-paragraph\">LINK DE INSCRIPCI\u00d3N:&nbsp;<\/p>\n\n\n\n<figure class=\"wp-block-embed\"><div class=\"wp-block-embed__wrapper\">\nhttps:\/\/forms.gle\/dwCkyB5bkJ3gpUyu9\n<\/div><\/figure>\n","protected":false},"excerpt":{"rendered":"<p>En el marco del programa del Gobierno Regional de \u00d1uble\u00a0\u00a0\u00abTransferencia de Capacidades a los Peque\u00f1os y Medianos Productores Agr\u00edcolas de \u00d1uble\u00bb, les invitamos a participar del \u201cEncuentro Provincial de Agroecolog\u00eda: El Carmen\u201d\u00a0, jornada que se realizar\u00e1 el d\u00eda viernes 30&#8230;<\/p>\n","protected":false},"author":1,"featured_media":1285,"comment_status":"open","ping_status":"open","sticky":false,"template":"","format":"standard","meta":{"footnotes":""},"categories":[1],"tags":[],"class_list":["post-1284","post","type-post","status-publish","format-standard","has-post-thumbnail","hentry","category-noticias"],"_links":{"self":[{"href":"https:\/\/www.manantialradio.cl\/web\/wp-json\/wp\/v2\/posts\/1284","targetHints":{"allow":["GET"]}}],"collection":[{"href":"https:\/\/www.manantialradio.cl\/web\/wp-json\/wp\/v2\/posts"}],"about":[{"href":"https:\/\/www.manantialradio.cl\/web\/wp-json\/wp\/v2\/types\/post"}],"author":[{"embeddable":true,"href":"https:\/\/www.manantialradio.cl\/web\/wp-json\/wp\/v2\/users\/1"}],"replies":[{"embeddable":true,"href":"https:\/\/www.manantialradio.cl\/web\/wp-json\/wp\/v2\/comments?post=1284"}],"version-history":[{"count":1,"href":"https:\/\/www.manantialradio.cl\/web\/wp-json\/wp\/v2\/posts\/1284\/revisions"}],"predecessor-version":[{"id":1286,"href":"https:\/\/www.manantialradio.cl\/web\/wp-json\/wp\/v2\/posts\/1284\/revisions\/1286"}],"wp:featuredmedia":[{"embeddable":true,"href":"https:\/\/www.manantialradio.cl\/web\/wp-json\/wp\/v2\/media\/1285"}],"wp:attachment":[{"href":"https:\/\/www.manantialradio.cl\/web\/wp-json\/wp\/v2\/media?parent=1284"}],"wp:term":[{"taxonomy":"category","embeddable":true,"href":"https:\/\/www.manantialradio.cl\/web\/wp-json\/wp\/v2\/categories?post=1284"},{"taxonomy":"post_tag","embeddable":true,"href":"https:\/\/www.manantialradio.cl\/web\/wp-json\/wp\/v2\/tags?post=1284"}],"curies":[{"name":"wp","href":"https:\/\/api.w.org\/{rel}","templated":true}]}}