{"id":1357,"date":"2024-09-09T14:44:41","date_gmt":"2024-09-09T14:44:41","guid":{"rendered":"https:\/\/www.manantialradio.cl\/web\/?p=1357"},"modified":"2024-09-09T14:44:41","modified_gmt":"2024-09-09T14:44:41","slug":"joven-muere-apunalado-por-su-cunado-tras-reunion-familiar-en-freire-habrian-mantenido-una-discusion","status":"publish","type":"post","link":"https:\/\/www.manantialradio.cl\/web\/2024\/09\/09\/joven-muere-apunalado-por-su-cunado-tras-reunion-familiar-en-freire-habrian-mantenido-una-discusion\/","title":{"rendered":"Joven muere apu\u00f1alado por su cu\u00f1ado tras reuni\u00f3n familiar en Freire: Habr\u00edan mantenido una discusi\u00f3n"},"content":{"rendered":"\n<p>Personal de Carabineros detuvo a un hombre de 31 a\u00f1os, quien habr\u00eda atacado y asesinado\u00a0<strong>con un arma blanca\u00a0a su cu\u00f1ado, de 23 a\u00f1os de edad,<\/strong>\u00a0durante una reuni\u00f3n familiar en la localidad de\u00a0<strong>Quepe<\/strong>, comuna de Freire,\u00a0<strong>regi\u00f3n de La Araucan\u00eda<\/strong>.<\/p>\n\n\n\n<p>El hecho ocurri\u00f3 en&nbsp;<strong>horas de la madrugada del pasado s\u00e1bado en una vivienda&nbsp;<\/strong>y a\u00fan se investigan cu\u00e1les ser\u00edan las causas que habr\u00edan originado el fatal suceso.<\/p>\n\n\n\n<h2 class=\"wp-block-heading\">El detenido ten\u00eda antecedentes<\/h2>\n\n\n\n<p>Seg\u00fan constat\u00f3 la mayor&nbsp;<strong>Leticia Gatica<\/strong>, comisario de la Quinta Comisar\u00eda de Pitrufqu\u00e9n, el hecho habr\u00eda iniciado tras una discusi\u00f3n mantenida entre la v\u00edctima y el victimario al interior del domicilio, donde se involucr\u00f3 el&nbsp;<strong>consumo de alcohol.<\/strong><\/p>\n\n\n\n<p><\/p>\n\n\n\n<p>\u00abLa situaci\u00f3n se habr\u00eda dado en el contexto de una reuni\u00f3n familiar, al parecer con ingesta de alcohol, donde&nbsp;<strong>dos personas se habr\u00edan agredido por motivos que a\u00fan se encuentran en investigaci\u00f3n<\/strong>\u00ab, precis\u00f3 la uniformada.<\/p>\n\n\n\n<p>0<\/p>\n\n\n\n<p><\/p>\n\n\n\n<p><\/p>\n\n\n\n<p><\/p>\n\n\n\n<p><\/p>\n\n\n\n<p><\/p>\n\n\n\n<p><\/p>\n\n\n\n<p>Tras reportarse el asesinato, personal uniformado detuvo al cu\u00f1ado de la v\u00edctima por su presunta autor\u00eda en el crimen. Luego del control de identidad, se constat\u00f3 que el detenido manten\u00eda&nbsp;<strong>antecedentes previos por diversos delitos.<\/strong><\/p>\n\n\n\n<p>El detenido, adem\u00e1s, fue&nbsp;<strong>atendido en el hospital comunal<\/strong>&nbsp;tras presentar lesiones. Desde la Fiscal\u00eda ordenaron el despliegue de peritos del Labocar y de la SIP de la Quinta Comisaria de Pitrufqu\u00e9n.<strong><\/strong><\/p>\n\n\n\n<p>Este art\u00edculo informa de un&nbsp;<strong>proceso judicial en curso<\/strong>, por lo que los involucrados no deben ser considerados culpables hasta que los organismos pertinentes lo determinen.<\/p>\n","protected":false},"excerpt":{"rendered":"<p>Personal de Carabineros detuvo a un hombre de 31 a\u00f1os, quien habr\u00eda atacado y asesinado\u00a0con un arma blanca\u00a0a su cu\u00f1ado, de 23 a\u00f1os de edad,\u00a0durante una reuni\u00f3n familiar en la localidad de\u00a0Quepe, comuna de Freire,\u00a0regi\u00f3n de La Araucan\u00eda. El hecho&#8230;<\/p>\n","protected":false},"author":1,"featured_media":1358,"comment_status":"open","ping_status":"open","sticky":false,"template":"","format":"standard","meta":{"footnotes":""},"categories":[1],"tags":[],"class_list":["post-1357","post","type-post","status-publish","format-standard","has-post-thumbnail","hentry","category-noticias"],"_links":{"self":[{"href":"https:\/\/www.manantialradio.cl\/web\/wp-json\/wp\/v2\/posts\/1357","targetHints":{"allow":["GET"]}}],"collection":[{"href":"https:\/\/www.manantialradio.cl\/web\/wp-json\/wp\/v2\/posts"}],"about":[{"href":"https:\/\/www.manantialradio.cl\/web\/wp-json\/wp\/v2\/types\/post"}],"author":[{"embeddable":true,"href":"https:\/\/www.manantialradio.cl\/web\/wp-json\/wp\/v2\/users\/1"}],"replies":[{"embeddable":true,"href":"https:\/\/www.manantialradio.cl\/web\/wp-json\/wp\/v2\/comments?post=1357"}],"version-history":[{"count":1,"href":"https:\/\/www.manantialradio.cl\/web\/wp-json\/wp\/v2\/posts\/1357\/revisions"}],"predecessor-version":[{"id":1359,"href":"https:\/\/www.manantialradio.cl\/web\/wp-json\/wp\/v2\/posts\/1357\/revisions\/1359"}],"wp:featuredmedia":[{"embeddable":true,"href":"https:\/\/www.manantialradio.cl\/web\/wp-json\/wp\/v2\/media\/1358"}],"wp:attachment":[{"href":"https:\/\/www.manantialradio.cl\/web\/wp-json\/wp\/v2\/media?parent=1357"}],"wp:term":[{"taxonomy":"category","embeddable":true,"href":"https:\/\/www.manantialradio.cl\/web\/wp-json\/wp\/v2\/categories?post=1357"},{"taxonomy":"post_tag","embeddable":true,"href":"https:\/\/www.manantialradio.cl\/web\/wp-json\/wp\/v2\/tags?post=1357"}],"curies":[{"name":"wp","href":"https:\/\/api.w.org\/{rel}","templated":true}]}}