{"id":1410,"date":"2024-09-25T19:24:09","date_gmt":"2024-09-25T19:24:09","guid":{"rendered":"https:\/\/www.manantialradio.cl\/web\/?p=1410"},"modified":"2024-09-25T19:24:09","modified_gmt":"2024-09-25T19:24:09","slug":"experto-explica-cuales-son-las-zonas-de-chile-donde-hay-mayor-energia-acumulada-para-un-eventual-terremoto","status":"publish","type":"post","link":"https:\/\/www.manantialradio.cl\/web\/2024\/09\/25\/experto-explica-cuales-son-las-zonas-de-chile-donde-hay-mayor-energia-acumulada-para-un-eventual-terremoto\/","title":{"rendered":"Experto explica cu\u00e1les son las zonas de Chile donde hay mayor energ\u00eda acumulada para un eventual terremoto"},"content":{"rendered":"\n<p class=\"wp-block-paragraph\">El geof\u00edsico y experto en sismolog\u00eda,\u00a0<strong>Cristian Far\u00edas<\/strong>, se refiri\u00f3 a la seguidilla de\u00a0<a href=\"https:\/\/www.meganoticias.cl\/temas\/temblor\/\" target=\"_blank\" rel=\"noreferrer noopener\">sismos<\/a>\u00a0que se han registrado en las cercan\u00edas de La Serena,\u00a0<a href=\"https:\/\/www.meganoticias.cl\/temas\/region-de-coquimbo\/\" target=\"_blank\" rel=\"noreferrer noopener\">regi\u00f3n de Coquimbo<\/a>, estos \u00faltimos d\u00edas, sobre todo luego del \u00faltimo temblor de\u00a0<a href=\"https:\/\/www.meganoticias.cl\/nacional\/459599-temblor-sismo-chile-norte-epicentro-la-higuera-brk-22-9-2024.html\" target=\"_blank\" rel=\"noreferrer noopener\">magnitud 5,5<\/a>\u00a0ocurrido durante la noche del domingo.<\/p>\n\n\n\n<p class=\"wp-block-paragraph\">El acad\u00e9mico de la Universidad Cat\u00f3lica de Temuco detall\u00f3 que este&nbsp;<a href=\"https:\/\/www.meganoticias.cl\/nacional\/459724-temblor-coquimbo-la-serena-domingo-22-de-septiembre-por-que-se-sintio-fuerta-brk-23-09-2024.html\" target=\"_blank\" rel=\"noreferrer noopener\">sismo fue intraplaca<\/a>, los que tienden a percibirse con una mayor intensidad que los que generalmente se dan el pa\u00eds. De todas maneras, descart\u00f3 que esto se trate de un enjambre s\u00edsmico, fen\u00f3meno que algunas veces es precursor de alg\u00fan sismo de mayor intensidad como un terremoto.<\/p>\n\n\n\n<p class=\"wp-block-paragraph\">Far\u00edas afirm\u00f3 que estos sismos en la regi\u00f3n de Coquimbo&nbsp;<strong>no son necesariamente un aviso de un posible terremoto<\/strong>, aunque explic\u00f3 cu\u00e1les son las zonas del pa\u00eds con mayor energ\u00eda acumulada, las que estad\u00edsticamente podr\u00edan ser m\u00e1s propensas a tener un sismo de alta magnitud.<\/p>\n\n\n\n<p class=\"wp-block-paragraph\"><\/p>\n\n\n\n<h2 class=\"wp-block-heading\">\u00bfQu\u00e9 zonas del pa\u00eds son m\u00e1s propensas a tener terremotos?<\/h2>\n\n\n\n<p class=\"wp-block-paragraph\">\u00abPrimero,<strong>\u00a0zona central de Chile. Vi\u00f1a, Valpara\u00edso o costa de la\u00a0<a href=\"https:\/\/www.meganoticias.cl\/temas\/region-de-valparaiso\/\" target=\"_blank\" rel=\"noreferrer noopener\">Regi\u00f3n de Valpara\u00edso<\/a><\/strong>, que podr\u00edan tener un sismo de magnitud de 8,3 u 8,4. Est\u00e1n las condiciones ahora. Eso se sentir\u00eda muy feo en la zona central, en Santiago\u00bb, afirm\u00f3 Cristian Far\u00edas.<\/p>\n\n\n\n<p class=\"wp-block-paragraph\"><\/p>\n\n\n\n<p class=\"wp-block-paragraph\">\u00abSobre todo la parte que pareciera ser que est\u00e1 m\u00e1s bloqueada ah\u00ed en las placas, la que deber\u00eda liberar su energ\u00eda en alg\u00fan momento, es la parte m\u00e1s superficial, por tanto,&nbsp;<strong>ese sismo probablemente va a generar un tsunami<\/strong>\u00ab, complement\u00f3.<\/p>\n\n\n\n<p class=\"wp-block-paragraph\">El doctor en Geof\u00edsica tambi\u00e9n explic\u00f3 que en el norte una zona donde podr\u00eda haber un sismo de gran magnitud es la&nbsp;<a href=\"https:\/\/www.meganoticias.cl\/temas\/region-de-atacama\/\" target=\"_blank\" rel=\"noreferrer noopener\">regi\u00f3n de Atacama<\/a>, donde el \u00faltimo gran terremoto ocurri\u00f3 en Vallenar en 1922. \u00abHan pasado m\u00e1s de cien a\u00f1os desde ese momento.&nbsp;Y claro, hay suficiente energ\u00eda para tener un 8.5 ah\u00ed\u00bb, se\u00f1al\u00f3.<\/p>\n\n\n\n<p class=\"wp-block-paragraph\">Otro sector que podr\u00eda ser m\u00e1s propenso a tener un terremoto es la zona&nbsp;<strong>del sur de Iquique hasta Mejillones<\/strong>, entre las regiones de Tarapac\u00e1 y Antofagasta. \u00abHay una zona que podr\u00eda darnos un 8,3 u 8,4\u00bb, asegur\u00f3.<\/p>\n\n\n\n<p class=\"wp-block-paragraph\">Por \u00faltimo, Far\u00edas precis\u00f3 que en el centro-sur ya ocurri\u00f3 el terremoto del 2010, por lo que las chances son m\u00e1s bajas. Cabe consignar que estas zonas estad\u00edsticamente tienen m\u00e1s opciones de sufrir un terremoto, pero no significa que lo vayan a tener pr\u00f3ximamente, pues&nbsp;<strong>es imposible predecir cu\u00e1ndo ocurrir\u00edan<\/strong>, aunque el llamado es a siempre estar preparado.<\/p>\n","protected":false},"excerpt":{"rendered":"<p>El geof\u00edsico y experto en sismolog\u00eda,\u00a0Cristian Far\u00edas, se refiri\u00f3 a la seguidilla de\u00a0sismos\u00a0que se han registrado en las cercan\u00edas de La Serena,\u00a0regi\u00f3n de Coquimbo, estos \u00faltimos d\u00edas, sobre todo luego del \u00faltimo temblor de\u00a0magnitud 5,5\u00a0ocurrido durante la noche del domingo&#8230;.<\/p>\n","protected":false},"author":1,"featured_media":1411,"comment_status":"open","ping_status":"open","sticky":false,"template":"","format":"standard","meta":{"footnotes":""},"categories":[1],"tags":[],"class_list":["post-1410","post","type-post","status-publish","format-standard","has-post-thumbnail","hentry","category-noticias"],"_links":{"self":[{"href":"https:\/\/www.manantialradio.cl\/web\/wp-json\/wp\/v2\/posts\/1410","targetHints":{"allow":["GET"]}}],"collection":[{"href":"https:\/\/www.manantialradio.cl\/web\/wp-json\/wp\/v2\/posts"}],"about":[{"href":"https:\/\/www.manantialradio.cl\/web\/wp-json\/wp\/v2\/types\/post"}],"author":[{"embeddable":true,"href":"https:\/\/www.manantialradio.cl\/web\/wp-json\/wp\/v2\/users\/1"}],"replies":[{"embeddable":true,"href":"https:\/\/www.manantialradio.cl\/web\/wp-json\/wp\/v2\/comments?post=1410"}],"version-history":[{"count":1,"href":"https:\/\/www.manantialradio.cl\/web\/wp-json\/wp\/v2\/posts\/1410\/revisions"}],"predecessor-version":[{"id":1412,"href":"https:\/\/www.manantialradio.cl\/web\/wp-json\/wp\/v2\/posts\/1410\/revisions\/1412"}],"wp:featuredmedia":[{"embeddable":true,"href":"https:\/\/www.manantialradio.cl\/web\/wp-json\/wp\/v2\/media\/1411"}],"wp:attachment":[{"href":"https:\/\/www.manantialradio.cl\/web\/wp-json\/wp\/v2\/media?parent=1410"}],"wp:term":[{"taxonomy":"category","embeddable":true,"href":"https:\/\/www.manantialradio.cl\/web\/wp-json\/wp\/v2\/categories?post=1410"},{"taxonomy":"post_tag","embeddable":true,"href":"https:\/\/www.manantialradio.cl\/web\/wp-json\/wp\/v2\/tags?post=1410"}],"curies":[{"name":"wp","href":"https:\/\/api.w.org\/{rel}","templated":true}]}}