{"id":1457,"date":"2024-10-03T20:58:24","date_gmt":"2024-10-03T20:58:24","guid":{"rendered":"https:\/\/www.manantialradio.cl\/web\/?p=1457"},"modified":"2024-10-03T20:58:24","modified_gmt":"2024-10-03T20:58:24","slug":"desde-el-sabado-5-de-octubre-conozca-su-mesa-y-local-de-votacion-tambien-si-fue-designado-vocal","status":"publish","type":"post","link":"https:\/\/www.manantialradio.cl\/web\/2024\/10\/03\/desde-el-sabado-5-de-octubre-conozca-su-mesa-y-local-de-votacion-tambien-si-fue-designado-vocal\/","title":{"rendered":"Desde el s\u00e1bado 5 de octubre conozca su mesa y local de votaci\u00f3n, tambi\u00e9n si fue designado vocal"},"content":{"rendered":"\n<figure class=\"wp-block-table\"><table class=\"has-fixed-layout\"><tbody><tr><td>El 26 y 27 de octubre pr\u00f3ximos se desarrollar\u00e1n las Elecciones Regionales y Municipales.&nbsp;&nbsp;<\/td><\/tr><\/tbody><\/table><\/figure>\n\n\n\n<figure class=\"wp-block-table\"><table class=\"has-fixed-layout\"><tbody><tr><td>Los electores y electoras podr\u00e1n conocer su mesa y local de votaci\u00f3n accediendo a<a href=\"https:\/\/track.infoservel.cl\/campaigns\/ra576xh547e72\/track-url\/kb0638rfqwe35\/69822329749209d47330c0797ae148f0a37ae6ff\" target=\"_blank\" rel=\"noreferrer noopener\">&nbsp;consulta.servel.cl&nbsp;<\/a>desde el s\u00e1bado 5 de octubre (22 d\u00edas antes de la elecci\u00f3n, como lo establece la ley). Es esencial que cada persona revise estos datos electorales que pueden haber cambiado desde los \u00faltimos comicios.&nbsp;<strong>Vocales de mesa&nbsp;<\/strong>Este 5 de octubre tambi\u00e9n se publican los&nbsp; vocales de mesa designados por las Juntas Electorales. En el mismo&nbsp;<a href=\"https:\/\/track.infoservel.cl\/campaigns\/ra576xh547e72\/track-url\/kb0638rfqwe35\/69822329749209d47330c0797ae148f0a37ae6ff\" rel=\"noreferrer noopener\" target=\"_blank\">consulta.servel.c<\/a>l, cada persona puede revisar si fue nombrado en este importante rol electoral.&nbsp;El bono por el ejercicio de esta funci\u00f3n en las elecciones de octubre ser\u00e1 de $28.432 por d\u00eda, alcanzando un total cercano a los 60 mil pesos para quienes trabajen durante ambos d\u00edas de votaci\u00f3n.&nbsp;&nbsp;Los vocales que no puedan cumplir con su deber tienen la oportunidad de presentar excusas del&nbsp;7 al 9 de octubre&nbsp;ante la Junta Electoral correspondiente. Sin embargo, es importante destacar que el incumplimiento de esta obligaci\u00f3n conlleva sanciones, incluidas multas que var\u00edan entre 2 a 8 UTM, es decir, entre $132.000 y $531.000.&nbsp;&nbsp;Las razones establecidas por ley para excusarse son:&nbsp;&nbsp;Estar ausente del pa\u00eds o radicado a una distancia de m\u00e1s de 300 kil\u00f3metros.\u202f\u202f&nbsp;&nbsp;Tener m\u00e1s de 70 a\u00f1os de edad.\u202f\u202f\u202f&nbsp;&nbsp;Estar f\u00edsica o mentalmente imposibilitado de ejercer la funci\u00f3n.\u202f\u202f\u202f&nbsp;&nbsp;Cumplir labores en establecimientos hospitalarios el d\u00eda de la elecci\u00f3n.\u202f&nbsp;&nbsp;Embarazadas.\u202f\u202f\u202f&nbsp;&nbsp;Ser padre o madre de un hijo o hija menor de dos a\u00f1os. Si ninguno de ellos tuviera el cuidado personal, quien lo tenga podr\u00e1 excusarse acredit\u00e1ndolo debidamente.\u202f\u202f\u202f&nbsp;&nbsp;Estar al cuidado de un adulto mayor en situaci\u00f3n de dependencia o de una persona en situaci\u00f3n de discapacidad, circunstancia que deber\u00e1 ser acreditada a trav\u00e9s de una declaraci\u00f3n jurada notarial, mediante constancia en Carabineros de Chile, o por un certificado en que conste esta calidad.\u202f&nbsp;&nbsp;\u202fAsimismo, la calidad de persona cuidadora podr\u00e1 ser acreditada mediante la presentaci\u00f3n de la credencial de persona cuidadora o el documento que acredite la inscripci\u00f3n como tal en el registro dispuesto por el Ministerio de Desarrollo Social.&nbsp;&nbsp;El s\u00e1bado 12 de octubre, tras el periodo de excusas, se publicar\u00e1n los vocales definitivos, considerando reemplazantes para aquellos cuyas excusas hayan sido aceptadas por las Juntas Electorales.&nbsp;<strong>Candidaturas<\/strong>Puedes conocer a los candidatos y candidatas ingresando&nbsp;<a href=\"https:\/\/track.infoservel.cl\/campaigns\/ra576xh547e72\/track-url\/kb0638rfqwe35\/5e98ee7c4d45232b91e05f768f02ed910c49d500\" target=\"_blank\" rel=\"noreferrer noopener\">aqu\u00ed.&nbsp;<\/a>Adem\u00e1s, en la consulta de datos, tambi\u00e9n desde el 5 de octubre, cada persona podr\u00e1 conocer a sus candidatos y candidatas para los distintos cargos de su comuna y regi\u00f3n.<\/td><\/tr><\/tbody><\/table><\/figure>\n","protected":false},"excerpt":{"rendered":"<p>El 26 y 27 de octubre pr\u00f3ximos se desarrollar\u00e1n las Elecciones Regionales y Municipales.&nbsp;&nbsp; Los electores y electoras podr\u00e1n conocer su mesa y local de votaci\u00f3n accediendo a&nbsp;consulta.servel.cl&nbsp;desde el s\u00e1bado 5 de octubre (22 d\u00edas antes de la elecci\u00f3n, como&#8230;<\/p>\n","protected":false},"author":1,"featured_media":1458,"comment_status":"open","ping_status":"open","sticky":false,"template":"","format":"standard","meta":{"footnotes":""},"categories":[1],"tags":[],"class_list":["post-1457","post","type-post","status-publish","format-standard","has-post-thumbnail","hentry","category-noticias"],"_links":{"self":[{"href":"https:\/\/www.manantialradio.cl\/web\/wp-json\/wp\/v2\/posts\/1457","targetHints":{"allow":["GET"]}}],"collection":[{"href":"https:\/\/www.manantialradio.cl\/web\/wp-json\/wp\/v2\/posts"}],"about":[{"href":"https:\/\/www.manantialradio.cl\/web\/wp-json\/wp\/v2\/types\/post"}],"author":[{"embeddable":true,"href":"https:\/\/www.manantialradio.cl\/web\/wp-json\/wp\/v2\/users\/1"}],"replies":[{"embeddable":true,"href":"https:\/\/www.manantialradio.cl\/web\/wp-json\/wp\/v2\/comments?post=1457"}],"version-history":[{"count":1,"href":"https:\/\/www.manantialradio.cl\/web\/wp-json\/wp\/v2\/posts\/1457\/revisions"}],"predecessor-version":[{"id":1459,"href":"https:\/\/www.manantialradio.cl\/web\/wp-json\/wp\/v2\/posts\/1457\/revisions\/1459"}],"wp:featuredmedia":[{"embeddable":true,"href":"https:\/\/www.manantialradio.cl\/web\/wp-json\/wp\/v2\/media\/1458"}],"wp:attachment":[{"href":"https:\/\/www.manantialradio.cl\/web\/wp-json\/wp\/v2\/media?parent=1457"}],"wp:term":[{"taxonomy":"category","embeddable":true,"href":"https:\/\/www.manantialradio.cl\/web\/wp-json\/wp\/v2\/categories?post=1457"},{"taxonomy":"post_tag","embeddable":true,"href":"https:\/\/www.manantialradio.cl\/web\/wp-json\/wp\/v2\/tags?post=1457"}],"curies":[{"name":"wp","href":"https:\/\/api.w.org\/{rel}","templated":true}]}}