{"id":1469,"date":"2024-10-07T19:00:14","date_gmt":"2024-10-07T19:00:14","guid":{"rendered":"https:\/\/www.manantialradio.cl\/web\/?p=1469"},"modified":"2024-10-07T19:00:14","modified_gmt":"2024-10-07T19:00:14","slug":"muere-bebe-de-tres-meses-que-resulto-herido-tras-accidente-en-medio-de-carrera-clandestina-en-temuco","status":"publish","type":"post","link":"https:\/\/www.manantialradio.cl\/web\/2024\/10\/07\/muere-bebe-de-tres-meses-que-resulto-herido-tras-accidente-en-medio-de-carrera-clandestina-en-temuco\/","title":{"rendered":"Muere beb\u00e9 de tres meses que result\u00f3 herido tras accidente en medio de carrera clandestina en Temuco"},"content":{"rendered":"\n<p>Este lunes muri\u00f3 el beb\u00e9 de tres meses que&nbsp;<a href=\"https:\/\/www.meganoticias.cl\/nacional\/461109-bebe-3-meses-riesgo-vital-herido-choque-carrera-clandestina-temuco-fds01-06-10-2024.html\" target=\"_blank\" rel=\"noreferrer noopener\">se encontraba en riesgo<\/a>&nbsp;vital tras resultar gravemente lesionado en un accidente de tr\u00e1nsito ocurrido en medio de&nbsp;<strong>una carrera clandestina<\/strong>&nbsp;en la comuna de Temuco,&nbsp;<a href=\"https:\/\/www.meganoticias.cl\/temas\/region-de-la-araucania\/\" target=\"_blank\" rel=\"noreferrer noopener\">regi\u00f3n de La Araucan\u00eda<\/a>. Al momento de la colisi\u00f3n, el lactante se encontraba viajando en un veh\u00edculo junto a su familia.<\/p>\n\n\n\n<h3 class=\"wp-block-heading\"><\/h3>\n\n\n\n<p>La madre del menor tambi\u00e9n termin\u00f3 herida tras el choque, encontr\u00e1ndose<strong>&nbsp;fuera de riesgo vital<\/strong>.<\/p>\n\n\n\n<p><\/p>\n\n\n\n<h2 class=\"wp-block-heading\">Pena de detenidos podr\u00eda aumentar<\/h2>\n\n\n\n<p>Por este accidente hay dos hombres detenidos, quienes ahora podr\u00edan arriesgar<strong>&nbsp;penas superiores tras el fallecimiento del beb\u00e9.<\/strong><\/p>\n\n\n\n<p><\/p>\n\n\n\n<p>Sobre las penas a las que podr\u00edan ser condenados, la Fiscal\u00eda se\u00f1al\u00f3 que depende de lo que determine la investigaci\u00f3n respecto a cu\u00e1l es finalmente la<strong>&nbsp;causa del accidente y de la configuraci\u00f3n del delito.<\/strong><\/p>\n\n\n\n<h2 class=\"wp-block-heading\">\u00bfQu\u00e9 se sabe del accidente en medio de carrera clandestina en Temuco?<\/h2>\n\n\n\n<p>De acuerdo a la informaci\u00f3n policial entregada tras el accidente, el peque\u00f1o iba a bordo del autom\u00f3vil, el cual era conducido por su padre, mientras que su madre iba de copiloto. El veh\u00edculo fue impactado en la noche del pasado viernes&nbsp;en la intersecci\u00f3n de avenida<strong>&nbsp;Caupolic\u00e1n y Claro Solar<\/strong>, en las cercan\u00edas del Hospital Regional.<\/p>\n\n\n\n<p>El veh\u00edculo fue colisionado por otros dos que participaban de una carrera clandestina, por lo que se trasladaban en\u00a0<strong>altas velocidades<\/strong>. Los conductores que participaban de esta actividad ilegal fueron formalizados y se encuentran con las medidas cautelares de<strong>\u00a0firma mensual y arraigo nacional<\/strong>.<\/p>\n\n\n\n<h2 class=\"wp-block-heading\">Padre del beb\u00e9 tambi\u00e9n tendr\u00eda responsabilidad en el accidente<\/h2>\n\n\n\n<p>Pese a esto, estos dos sujetos no ser\u00edan los \u00fanicos responsables del accidente, ya que se revel\u00f3 que el padre del beb\u00e9<strong>&nbsp;<a href=\"https:\/\/www.meganoticias.cl\/nacional\/461143-vuelco-accidente-bebe-riesgo-vital-temuco-6-10-2024.html\" target=\"_blank\" rel=\"noreferrer noopener\">habr\u00eda desobedecido un disco pare<\/a>&nbsp;<\/strong>ubicado en una calle cercana al lugar del accidente.<\/p>\n\n\n\n<p>Adem\u00e1s, la&nbsp;abogada de uno de los automovilistas involucrados se\u00f1al\u00f3 que el lactante<strong>&nbsp;no iba a bordo de una silla para beb\u00e9s<\/strong>&nbsp;en el asiento trasero, sino en los brazos de su madre.<\/p>\n\n\n\n<p>A esto se suma que la defensora acus\u00f3 que el hombre<strong>&nbsp;arroj\u00f3 positivo en la alcoholemia<\/strong>. Sobre esto, la Fiscal\u00eda estim\u00f3 que esta conducta no constituye el delito de conducir en estado de ebriedad, debido a que arroj\u00f3 un grado m\u00ednimo de alcohol en la sangre.<\/p>\n","protected":false},"excerpt":{"rendered":"<p>Este lunes muri\u00f3 el beb\u00e9 de tres meses que&nbsp;se encontraba en riesgo&nbsp;vital tras resultar gravemente lesionado en un accidente de tr\u00e1nsito ocurrido en medio de&nbsp;una carrera clandestina&nbsp;en la comuna de Temuco,&nbsp;regi\u00f3n de La Araucan\u00eda. Al momento de la colisi\u00f3n, el&#8230;<\/p>\n","protected":false},"author":1,"featured_media":1470,"comment_status":"open","ping_status":"open","sticky":false,"template":"","format":"standard","meta":{"footnotes":""},"categories":[1],"tags":[],"class_list":["post-1469","post","type-post","status-publish","format-standard","has-post-thumbnail","hentry","category-noticias"],"_links":{"self":[{"href":"https:\/\/www.manantialradio.cl\/web\/wp-json\/wp\/v2\/posts\/1469","targetHints":{"allow":["GET"]}}],"collection":[{"href":"https:\/\/www.manantialradio.cl\/web\/wp-json\/wp\/v2\/posts"}],"about":[{"href":"https:\/\/www.manantialradio.cl\/web\/wp-json\/wp\/v2\/types\/post"}],"author":[{"embeddable":true,"href":"https:\/\/www.manantialradio.cl\/web\/wp-json\/wp\/v2\/users\/1"}],"replies":[{"embeddable":true,"href":"https:\/\/www.manantialradio.cl\/web\/wp-json\/wp\/v2\/comments?post=1469"}],"version-history":[{"count":1,"href":"https:\/\/www.manantialradio.cl\/web\/wp-json\/wp\/v2\/posts\/1469\/revisions"}],"predecessor-version":[{"id":1471,"href":"https:\/\/www.manantialradio.cl\/web\/wp-json\/wp\/v2\/posts\/1469\/revisions\/1471"}],"wp:featuredmedia":[{"embeddable":true,"href":"https:\/\/www.manantialradio.cl\/web\/wp-json\/wp\/v2\/media\/1470"}],"wp:attachment":[{"href":"https:\/\/www.manantialradio.cl\/web\/wp-json\/wp\/v2\/media?parent=1469"}],"wp:term":[{"taxonomy":"category","embeddable":true,"href":"https:\/\/www.manantialradio.cl\/web\/wp-json\/wp\/v2\/categories?post=1469"},{"taxonomy":"post_tag","embeddable":true,"href":"https:\/\/www.manantialradio.cl\/web\/wp-json\/wp\/v2\/tags?post=1469"}],"curies":[{"name":"wp","href":"https:\/\/api.w.org\/{rel}","templated":true}]}}