{"id":1476,"date":"2024-10-08T15:45:08","date_gmt":"2024-10-08T15:45:08","guid":{"rendered":"https:\/\/www.manantialradio.cl\/web\/?p=1476"},"modified":"2024-10-08T15:45:08","modified_gmt":"2024-10-08T15:45:08","slug":"lanzamiento-red-local-de-apoyos-y-cuidados-2024-en-nuestra-comuna","status":"publish","type":"post","link":"https:\/\/www.manantialradio.cl\/web\/2024\/10\/08\/lanzamiento-red-local-de-apoyos-y-cuidados-2024-en-nuestra-comuna\/","title":{"rendered":"LANZAMIENTO RED LOCAL DE APOYOS Y CUIDADOS 2024 EN NUESTRA COMUNA"},"content":{"rendered":"\n<p>Durante la ma\u00f1ana de hoy y en representaci\u00f3n del alcalde Jos\u00e9 San Martin, Elizabeth Umanzor, directora del Departamento de Desarrollo Comunitario DIDECO\u00a0, junto a la Seremi de Desarrollo Social y Familia Marta Carvajal, en un hito solemne, realizaron la firma simb\u00f3lica del nuevo convenio entre el Gobierno y la Municipalidad de El Carmen\u00a0.<\/p>\n\n\n\n<p>\u00a0Con la firma de este nuevo convenio se oficializa la inclusi\u00f3n del nuevo programa Red Local de Apoyos y Cuidados y la transferencia de los recursos correspondientes, por un total de 31 millones de pesos aproximadamente\u00a0.<\/p>\n\n\n\n<p>\u00a0Este nuevo programa para nuestra comuna beneficiar\u00e1 a 15 d\u00edadas (persona cuidadora y cuidado\/a) de la Comuna, donde se trabajar\u00e1 con ellos por un periodo de uno a tres a\u00f1os\u00a0.<\/p>\n\n\n\n<p>\u00a0El Programa Red Local de Apoyos y cuidados entrega como beneficio a sus usuarios, el componente de Servicios Especializados, en donde a trav\u00e9s de \u00e9l, se ofrece la asistencia y trabajo de profesionales especializados\u00a0, ayudas t\u00e9cnicas, mejoramiento de vivienda\u00a0, suplementos alimenticios\u00a0, compra de medicamentos, entre otros\u00a0.\u00a0<\/p>\n\n\n\n<p>\u00a0Mencionar que la Red Local de Apoyos y Cuidados trabaja en conjunto con m\u00faltiples programas del Departamento de Desarrollo Comunitario DIDECO, Hospital Comunitario de Salud El Carmen\u00a0\u00a0y el Departamento de Salud Municipal DESAMU y se encuentra bajo la coordinaci\u00f3n de la Trabajadora Social Paula Reyes, quien es la encargada de coordinar todo el trabajo de la Red Local de Apoyos en nuestra comuna<\/p>\n","protected":false},"excerpt":{"rendered":"<p>Durante la ma\u00f1ana de hoy y en representaci\u00f3n del alcalde Jos\u00e9 San Martin, Elizabeth Umanzor, directora del Departamento de Desarrollo Comunitario DIDECO\u00a0, junto a la Seremi de Desarrollo Social y Familia Marta Carvajal, en un hito solemne, realizaron la firma&#8230;<\/p>\n","protected":false},"author":1,"featured_media":1477,"comment_status":"open","ping_status":"open","sticky":false,"template":"","format":"standard","meta":{"footnotes":""},"categories":[1],"tags":[],"class_list":["post-1476","post","type-post","status-publish","format-standard","has-post-thumbnail","hentry","category-noticias"],"_links":{"self":[{"href":"https:\/\/www.manantialradio.cl\/web\/wp-json\/wp\/v2\/posts\/1476","targetHints":{"allow":["GET"]}}],"collection":[{"href":"https:\/\/www.manantialradio.cl\/web\/wp-json\/wp\/v2\/posts"}],"about":[{"href":"https:\/\/www.manantialradio.cl\/web\/wp-json\/wp\/v2\/types\/post"}],"author":[{"embeddable":true,"href":"https:\/\/www.manantialradio.cl\/web\/wp-json\/wp\/v2\/users\/1"}],"replies":[{"embeddable":true,"href":"https:\/\/www.manantialradio.cl\/web\/wp-json\/wp\/v2\/comments?post=1476"}],"version-history":[{"count":1,"href":"https:\/\/www.manantialradio.cl\/web\/wp-json\/wp\/v2\/posts\/1476\/revisions"}],"predecessor-version":[{"id":1478,"href":"https:\/\/www.manantialradio.cl\/web\/wp-json\/wp\/v2\/posts\/1476\/revisions\/1478"}],"wp:featuredmedia":[{"embeddable":true,"href":"https:\/\/www.manantialradio.cl\/web\/wp-json\/wp\/v2\/media\/1477"}],"wp:attachment":[{"href":"https:\/\/www.manantialradio.cl\/web\/wp-json\/wp\/v2\/media?parent=1476"}],"wp:term":[{"taxonomy":"category","embeddable":true,"href":"https:\/\/www.manantialradio.cl\/web\/wp-json\/wp\/v2\/categories?post=1476"},{"taxonomy":"post_tag","embeddable":true,"href":"https:\/\/www.manantialradio.cl\/web\/wp-json\/wp\/v2\/tags?post=1476"}],"curies":[{"name":"wp","href":"https:\/\/api.w.org\/{rel}","templated":true}]}}