{"id":1577,"date":"2024-11-13T14:56:26","date_gmt":"2024-11-13T14:56:26","guid":{"rendered":"https:\/\/www.manantialradio.cl\/web\/?p=1577"},"modified":"2024-11-13T14:56:26","modified_gmt":"2024-11-13T14:56:26","slug":"detienen-a-un-hombre-por-incendio-forestal-en-hijuelas-tras-confesar-negligencia","status":"publish","type":"post","link":"https:\/\/www.manantialradio.cl\/web\/2024\/11\/13\/detienen-a-un-hombre-por-incendio-forestal-en-hijuelas-tras-confesar-negligencia\/","title":{"rendered":"Detienen a un hombre por incendio forestal en Hijuelas tras confesar \u00abnegligencia\u00bb"},"content":{"rendered":"\n<p class=\"wp-block-paragraph\">La Delegaci\u00f3n Presidencial Provincial de Quillota confirm\u00f3 la<strong>&nbsp;detenci\u00f3n de un sujeto por su presunta responsabilidad<\/strong>&nbsp;en la propagaci\u00f3n del&nbsp;<a href=\"https:\/\/www.meganoticias.cl\/temas\/incendios-forestales\/\" target=\"_blank\" rel=\"noreferrer noopener\"><strong>incendio forestal<\/strong><\/a>&nbsp;que afecta al sector Oasis La Campana, en la comuna de&nbsp;<strong>Hijuelas<\/strong>,&nbsp;<a href=\"https:\/\/www.meganoticias.cl\/temas\/region-de-valparaiso\/\" target=\"_blank\" rel=\"noreferrer noopener\">regi\u00f3n de Valpara\u00edso<\/a>.<\/p>\n\n\n\n<h3 class=\"wp-block-heading\"><\/h3>\n\n\n\n<p class=\"wp-block-paragraph\">\u00abHay una persona detenida, que habr\u00eda manifestado que\u00a0<strong>producto de una negligencia<\/strong>\u00a0<strong>al momento de estar compartiendo con su grupo familiar, se gener\u00f3 todo este incendio<\/strong>\u00ab, comunic\u00f3 Jos\u00e9 Orrego, delegado presidencial de la provincia.\u00a0<\/p>\n\n\n\n<p class=\"wp-block-paragraph\"><\/p>\n\n\n\n<p class=\"wp-block-paragraph\"><\/p>\n\n\n\n<h2 class=\"wp-block-heading\">M\u00e1s de cinco hect\u00e1reas afectadas<\/h2>\n\n\n\n<p class=\"wp-block-paragraph\">El siniestro en Hijuelas ha movilizado&nbsp;<strong>recursos a\u00e9reos de CONAF<\/strong>, as\u00ed como a Cuerpos de&nbsp;<strong>Bomberos<\/strong>&nbsp;de La Calera, Nogales, Quillota, Santa Mar\u00eda, San Felipe y la misma comuna de Hijuelas.&nbsp;<\/p>\n\n\n\n<p class=\"wp-block-paragraph\"><\/p>\n\n\n\n<p class=\"wp-block-paragraph\">La Delegaci\u00f3n Presidencial Provincial report\u00f3 que hasta horas de la madrugada de este mi\u00e9rcoles, el&nbsp;<strong>incendio ha afectado a m\u00e1s de cinco hect\u00e1reas<\/strong>&nbsp;y que si bien no presenta nuevos avances,<strong>&nbsp;no est\u00e1 controlado<\/strong>.&nbsp;<\/p>\n\n\n\n<p class=\"wp-block-paragraph\"><\/p>\n\n\n\n<p class=\"wp-block-paragraph\">Dos brigadas y dos equipos t\u00e9cnicos trabajan en la emergencia, a las cuales se sumar\u00eda un&nbsp;<strong>nuevo helic\u00f3ptero<\/strong>&nbsp;durante la ma\u00f1ana, de acuerdo a lo informado por&nbsp;<strong>Senapred<\/strong>.<\/p>\n\n\n\n<p class=\"wp-block-paragraph\"><\/p>\n\n\n\n<p class=\"wp-block-paragraph\">Cabe recalcar que el siniestro<strong>&nbsp;no ha dejado personas heridas ni tampoco viviendas afecadas<\/strong>&nbsp;por el fuego.&nbsp;<\/p>\n","protected":false},"excerpt":{"rendered":"<p>La Delegaci\u00f3n Presidencial Provincial de Quillota confirm\u00f3 la&nbsp;detenci\u00f3n de un sujeto por su presunta responsabilidad&nbsp;en la propagaci\u00f3n del&nbsp;incendio forestal&nbsp;que afecta al sector Oasis La Campana, en la comuna de&nbsp;Hijuelas,&nbsp;regi\u00f3n de Valpara\u00edso. \u00abHay una persona detenida, que habr\u00eda manifestado que\u00a0producto de&#8230;<\/p>\n","protected":false},"author":1,"featured_media":1578,"comment_status":"open","ping_status":"open","sticky":false,"template":"","format":"standard","meta":{"footnotes":""},"categories":[1],"tags":[],"class_list":["post-1577","post","type-post","status-publish","format-standard","has-post-thumbnail","hentry","category-noticias"],"_links":{"self":[{"href":"https:\/\/www.manantialradio.cl\/web\/wp-json\/wp\/v2\/posts\/1577","targetHints":{"allow":["GET"]}}],"collection":[{"href":"https:\/\/www.manantialradio.cl\/web\/wp-json\/wp\/v2\/posts"}],"about":[{"href":"https:\/\/www.manantialradio.cl\/web\/wp-json\/wp\/v2\/types\/post"}],"author":[{"embeddable":true,"href":"https:\/\/www.manantialradio.cl\/web\/wp-json\/wp\/v2\/users\/1"}],"replies":[{"embeddable":true,"href":"https:\/\/www.manantialradio.cl\/web\/wp-json\/wp\/v2\/comments?post=1577"}],"version-history":[{"count":1,"href":"https:\/\/www.manantialradio.cl\/web\/wp-json\/wp\/v2\/posts\/1577\/revisions"}],"predecessor-version":[{"id":1579,"href":"https:\/\/www.manantialradio.cl\/web\/wp-json\/wp\/v2\/posts\/1577\/revisions\/1579"}],"wp:featuredmedia":[{"embeddable":true,"href":"https:\/\/www.manantialradio.cl\/web\/wp-json\/wp\/v2\/media\/1578"}],"wp:attachment":[{"href":"https:\/\/www.manantialradio.cl\/web\/wp-json\/wp\/v2\/media?parent=1577"}],"wp:term":[{"taxonomy":"category","embeddable":true,"href":"https:\/\/www.manantialradio.cl\/web\/wp-json\/wp\/v2\/categories?post=1577"},{"taxonomy":"post_tag","embeddable":true,"href":"https:\/\/www.manantialradio.cl\/web\/wp-json\/wp\/v2\/tags?post=1577"}],"curies":[{"name":"wp","href":"https:\/\/api.w.org\/{rel}","templated":true}]}}