{"id":1647,"date":"2024-11-30T13:15:31","date_gmt":"2024-11-30T13:15:31","guid":{"rendered":"https:\/\/www.manantialradio.cl\/web\/?p=1647"},"modified":"2024-11-30T13:15:31","modified_gmt":"2024-11-30T13:15:31","slug":"muestra-escolar-de-talentos-2024-un-exito-en-la-plaza-de-el-carmen","status":"publish","type":"post","link":"https:\/\/www.manantialradio.cl\/web\/2024\/11\/30\/muestra-escolar-de-talentos-2024-un-exito-en-la-plaza-de-el-carmen\/","title":{"rendered":"MUESTRA ESCOLAR DE TALENTOS 2024: UN \u00c9XITO EN LA PLAZA DE EL CARMEN"},"content":{"rendered":"\n<p>El pasado 27 de noviembre, la comunidad educativa de nuestra comuna se reuni\u00f3 para celebrar la creatividad, el esfuerzo y los diversos talentos de nuestros estudiantes, en la Muestra Escolar de Talentos 2024\u00a0. Este evento, organizado por el Departamento Comunal de Educaci\u00f3n y la Coordinaci\u00f3n de Educaci\u00f3n Extraescolar, tuvo lugar en la Plaza de El Carmen, un espacio lleno de vida, color y arte, gracias al apoyo de establecimientos urbanos y rurales que participaron activamente en la jornada\u00a0.<\/p>\n\n\n\n<p>\u00a0La Muestra Escolar de Talentos 2024 reuni\u00f3 a una gran cantidad de estudiantes que compartieron con la comunidad su arte, su pasi\u00f3n y su dedicaci\u00f3n, a trav\u00e9s de diversas presentaciones art\u00edsticas que incluyeron m\u00fasica, danza, poes\u00eda y m\u00e1s\u00a0.<\/p>\n\n\n\n<p>\u00a0Entre los participantes, se destac\u00f3 la participaci\u00f3n de escuelas rurales, quienes con su esfuerzo y dedicaci\u00f3n nos brindaron momentos inolvidables.\u00a0<\/p>\n\n\n\n<p>\u00a0El evento no fue competitivo, sino una verdadera celebraci\u00f3n del esfuerzo y la creatividad de nuestros estudiantes\u00a0. Cada participante recibi\u00f3 un reconocimiento por su dedicaci\u00f3n, adem\u00e1s de la posibilidad de disfrutar de los stands de exposici\u00f3n que mostraron proyectos innovadores y creativos de los diferentes establecimientos educativos.<\/p>\n\n\n\n<p>\u00a0El evento culmin\u00f3 con la premiaci\u00f3n a los participantes, quienes recibieron su reconocimiento por el esfuerzo y dedicaci\u00f3n demostrada. Tambi\u00e9n se destac\u00f3 a Carlita Medina, estudiante del Liceo B.E.P. Juvenal Hern\u00e1ndez Jaque, quien obtuvo el primer lugar a nivel regional en el Concurso del Mes de la Monta\u00f1a del MINEDUC\u00a0\u00a0durante dos a\u00f1os consecutivos. Su logro es un ejemplo de dedicaci\u00f3n y excelencia para toda nuestra comunidad<\/p>\n","protected":false},"excerpt":{"rendered":"<p>El pasado 27 de noviembre, la comunidad educativa de nuestra comuna se reuni\u00f3 para celebrar la creatividad, el esfuerzo y los diversos talentos de nuestros estudiantes, en la Muestra Escolar de Talentos 2024\u00a0. Este evento, organizado por el Departamento Comunal&#8230;<\/p>\n","protected":false},"author":1,"featured_media":1648,"comment_status":"open","ping_status":"open","sticky":false,"template":"","format":"standard","meta":{"footnotes":""},"categories":[1],"tags":[],"class_list":["post-1647","post","type-post","status-publish","format-standard","has-post-thumbnail","hentry","category-noticias"],"_links":{"self":[{"href":"https:\/\/www.manantialradio.cl\/web\/wp-json\/wp\/v2\/posts\/1647","targetHints":{"allow":["GET"]}}],"collection":[{"href":"https:\/\/www.manantialradio.cl\/web\/wp-json\/wp\/v2\/posts"}],"about":[{"href":"https:\/\/www.manantialradio.cl\/web\/wp-json\/wp\/v2\/types\/post"}],"author":[{"embeddable":true,"href":"https:\/\/www.manantialradio.cl\/web\/wp-json\/wp\/v2\/users\/1"}],"replies":[{"embeddable":true,"href":"https:\/\/www.manantialradio.cl\/web\/wp-json\/wp\/v2\/comments?post=1647"}],"version-history":[{"count":1,"href":"https:\/\/www.manantialradio.cl\/web\/wp-json\/wp\/v2\/posts\/1647\/revisions"}],"predecessor-version":[{"id":1649,"href":"https:\/\/www.manantialradio.cl\/web\/wp-json\/wp\/v2\/posts\/1647\/revisions\/1649"}],"wp:featuredmedia":[{"embeddable":true,"href":"https:\/\/www.manantialradio.cl\/web\/wp-json\/wp\/v2\/media\/1648"}],"wp:attachment":[{"href":"https:\/\/www.manantialradio.cl\/web\/wp-json\/wp\/v2\/media?parent=1647"}],"wp:term":[{"taxonomy":"category","embeddable":true,"href":"https:\/\/www.manantialradio.cl\/web\/wp-json\/wp\/v2\/categories?post=1647"},{"taxonomy":"post_tag","embeddable":true,"href":"https:\/\/www.manantialradio.cl\/web\/wp-json\/wp\/v2\/tags?post=1647"}],"curies":[{"name":"wp","href":"https:\/\/api.w.org\/{rel}","templated":true}]}}