{"id":1651,"date":"2024-12-03T20:39:33","date_gmt":"2024-12-03T20:39:33","guid":{"rendered":"https:\/\/www.manantialradio.cl\/web\/?p=1651"},"modified":"2024-12-03T20:39:33","modified_gmt":"2024-12-03T20:39:33","slug":"bajese-bajese-graban-al-presidente-boric-ayudando-a-recolectores-de-basura-afuera-de-la-moneda","status":"publish","type":"post","link":"https:\/\/www.manantialradio.cl\/web\/2024\/12\/03\/bajese-bajese-graban-al-presidente-boric-ayudando-a-recolectores-de-basura-afuera-de-la-moneda\/","title":{"rendered":"\u00abB\u00e1jese, b\u00e1jese\u00bb: Graban al Presidente Boric ayudando a recolectores de basura afuera de La Moneda"},"content":{"rendered":"\n<p>El Presidente&nbsp;<a href=\"https:\/\/www.meganoticias.cl\/temas\/gabriel-boric\/\" target=\"_blank\" rel=\"noreferrer noopener\">Gabriel Boric<\/a>&nbsp;fue grabado en la noche del pasado lunes, mientras&nbsp;<strong>ayudaba a recolectores de basura<\/strong>&nbsp;que estaban cumpliendo labores en el sector del Palacio de La Moneda, en la comuna de&nbsp;<a href=\"https:\/\/www.meganoticias.cl\/temas\/santiago\/\" target=\"_blank\" rel=\"noreferrer noopener\">Santiago<\/a>,&nbsp;<a href=\"https:\/\/www.meganoticias.cl\/temas\/region-metropolitana\/\" target=\"_blank\" rel=\"noreferrer noopener\">Regi\u00f3n Metropolitana<\/a>.<\/p>\n\n\n\n<h3 class=\"wp-block-heading\"><\/h3>\n\n\n\n<p>El mandatario comparti\u00f3 un momento con los trabajadores, en el cual no solo los ayud\u00f3, sino que tambi\u00e9n convers\u00f3 con ellos sobre la importancia de su labor.<\/p>\n\n\n\n<p><\/p>\n\n\n\n<p><\/p>\n\n\n\n<h2 class=\"wp-block-heading\">Boric ayuda a recolectores de basura<\/h2>\n\n\n\n<p><a href=\"https:\/\/www.theclinic.cl\/2024\/12\/03\/bajese-bajese-captan-al-presidente-boric-asistiendo-a-recolectores-de-basura-en-la-noche-fuera-de-la-moneda\/\" target=\"_blank\" rel=\"noreferrer noopener\">The Clinic<\/a>&nbsp;comparti\u00f3 el video que dura 18 segundos, en el cual se puede ver al Presidente colaborando con los recolectores, mientras llevaba puesta&nbsp;<strong>una chaqueta institucional del Gobierno y unas antiparras<\/strong>.<\/p>\n\n\n\n<p><\/p>\n\n\n\n<p>Fueron los mismos trabajadores los que grabaron la situaci\u00f3n, en medio de la cual el jefe de Estado se par\u00f3 encima del cami\u00f3n para hacer funcionar la trituradora.<\/p>\n\n\n\n<p><\/p>\n\n\n\n<p><strong>\u00abB\u00e1jese, b\u00e1jese\u00bb<\/strong>, le pidi\u00f3 un funcionario, pero finalmente Boric realiz\u00f3 el procedimiento sin mayores problemas.<\/p>\n\n\n\n<h2 class=\"wp-block-heading\">\u00bfQu\u00e9 dijo Boric?<\/h2>\n\n\n\n<p>Debido a la difusi\u00f3n del video, el Presidente se\u00f1al\u00f3 en redes sociales que \u00abanoche, afuera de La Moneda, me acerqu\u00e9 a saludar a los recolectores de basura que<strong>&nbsp;realizan un tremendo trabajo en todo Chile\u00bb<\/strong>.<\/p>\n\n\n\n<p>\u00abComo generalmente se hace en las noches, muchos no ven el esfuerzo que significa.&nbsp;<strong>A ellos mis respetos y admiraci\u00f3n\u00bb, agreg\u00f3<\/strong>.<\/p>\n","protected":false},"excerpt":{"rendered":"<p>El Presidente&nbsp;Gabriel Boric&nbsp;fue grabado en la noche del pasado lunes, mientras&nbsp;ayudaba a recolectores de basura&nbsp;que estaban cumpliendo labores en el sector del Palacio de La Moneda, en la comuna de&nbsp;Santiago,&nbsp;Regi\u00f3n Metropolitana. El mandatario comparti\u00f3 un momento con los trabajadores, en&#8230;<\/p>\n","protected":false},"author":1,"featured_media":1652,"comment_status":"open","ping_status":"open","sticky":false,"template":"","format":"standard","meta":{"footnotes":""},"categories":[1],"tags":[],"class_list":["post-1651","post","type-post","status-publish","format-standard","has-post-thumbnail","hentry","category-noticias"],"_links":{"self":[{"href":"https:\/\/www.manantialradio.cl\/web\/wp-json\/wp\/v2\/posts\/1651","targetHints":{"allow":["GET"]}}],"collection":[{"href":"https:\/\/www.manantialradio.cl\/web\/wp-json\/wp\/v2\/posts"}],"about":[{"href":"https:\/\/www.manantialradio.cl\/web\/wp-json\/wp\/v2\/types\/post"}],"author":[{"embeddable":true,"href":"https:\/\/www.manantialradio.cl\/web\/wp-json\/wp\/v2\/users\/1"}],"replies":[{"embeddable":true,"href":"https:\/\/www.manantialradio.cl\/web\/wp-json\/wp\/v2\/comments?post=1651"}],"version-history":[{"count":1,"href":"https:\/\/www.manantialradio.cl\/web\/wp-json\/wp\/v2\/posts\/1651\/revisions"}],"predecessor-version":[{"id":1653,"href":"https:\/\/www.manantialradio.cl\/web\/wp-json\/wp\/v2\/posts\/1651\/revisions\/1653"}],"wp:featuredmedia":[{"embeddable":true,"href":"https:\/\/www.manantialradio.cl\/web\/wp-json\/wp\/v2\/media\/1652"}],"wp:attachment":[{"href":"https:\/\/www.manantialradio.cl\/web\/wp-json\/wp\/v2\/media?parent=1651"}],"wp:term":[{"taxonomy":"category","embeddable":true,"href":"https:\/\/www.manantialradio.cl\/web\/wp-json\/wp\/v2\/categories?post=1651"},{"taxonomy":"post_tag","embeddable":true,"href":"https:\/\/www.manantialradio.cl\/web\/wp-json\/wp\/v2\/tags?post=1651"}],"curies":[{"name":"wp","href":"https:\/\/api.w.org\/{rel}","templated":true}]}}