{"id":1657,"date":"2024-12-09T15:54:08","date_gmt":"2024-12-09T15:54:08","guid":{"rendered":"https:\/\/www.manantialradio.cl\/web\/?p=1657"},"modified":"2024-12-09T15:54:08","modified_gmt":"2024-12-09T15:54:08","slug":"refuerzo-de-las-operaciones-policiales-en-nuble-12-funcionarios-de-nuble-se-convirtieron-en-nuevos-conductores-de-motos-todo-terreno","status":"publish","type":"post","link":"https:\/\/www.manantialradio.cl\/web\/2024\/12\/09\/refuerzo-de-las-operaciones-policiales-en-nuble-12-funcionarios-de-nuble-se-convirtieron-en-nuevos-conductores-de-motos-todo-terreno\/","title":{"rendered":"Refuerzo de las operaciones policiales en \u00d1uble: 12 funcionarios de \u00d1uble se convirtieron en nuevos conductores de motos todo terreno"},"content":{"rendered":"\n<p>Esta semana reci\u00e9n pasada, Carabineros de la regi\u00f3n de \u00d1uble certific\u00f3 a 12 funcionarios de diversas unidades y destacamentos de la regi\u00f3n como nuevos conductores de motos todo terreno, competencias profesionales que permiten fortalecer las operaciones policiales en la zona y entregar mejores respuestas a la comunidad.<\/p>\n\n\n\n<p>Con un acto simb\u00f3lico en el Centro de Capacitaci\u00f3n y Reentrenamiento de Carabineros, ubicado en Capilla Cox, los funcionarios recibieron su diploma certificatorio de manos de la Jefa de Zona \u00d1uble, General Loreto Osses Coloma, quien destac\u00f3 en la ceremonia el esp\u00edritu de crecimiento profesional de los nuevos motoristas policiales y las alternativas de desarrollo dentro de la Instituci\u00f3n.<\/p>\n\n\n\n<p>Los 12 funcionarios fueron capacitados por los Instructores de Conducci\u00f3n de la Zona \u00d1uble, Suboficial Mayor Hugo Moncada Toro y Suboficial Patricio Arauco Leone, quienes entregaron los conocimientos te\u00f3ricos en Ley de Tr\u00e1nsito, manejo a la defensiva, intervenci\u00f3n en operativos policiales, emergencias, fiscalizaciones, causas de accidentes e infracciones, entre otras \u00e1reas.<\/p>\n\n\n\n<p>\u00abLos motoristas adquirieron las habilidades, destrezas y conocimientos te\u00f3rico-pr\u00e1cticos necesarios para realizar la labor preventiva acorde al marco legal y reglamentario, con el fin de adoptar una actitud adecuada, segura y eficaz en la conducci\u00f3n durante los servicios; con ello est\u00e1n reforzando el despliegue en zonas de dif\u00edcil acceso y lejanas, donde los veh\u00edculos no pueden llegar\u00bb, explic\u00f3 el encargado de la instrucci\u00f3n, Suboficial Mayor Hugo Moncada.<\/p>\n\n\n\n<p>El Instructor tambi\u00e9n destac\u00f3 que el resultado del curso va en directo beneficio de la comunidad. \u201cSabemos que el recurso log\u00edstico de los motoristas todo terreno es un recurso privilegiado, porque muchas veces es el primero en llegar a un procedimiento policial que requiere urgencia, por lo tanto, estos carabineros deben estar orgullosos de ello\u201d, se\u00f1al\u00f3.<\/p>\n\n\n\n<p>Los Instructores de Conducci\u00f3n de la Zona \u00d1uble han realizado este a\u00f1o 2 cursos de motos todo terreno, con 25 egresados; y tambi\u00e9n 4 cursos de conducci\u00f3n de veh\u00edculos policiales, con 32 egresados.<\/p>\n\n\n\n<p>Esta capacitaci\u00f3n y formaci\u00f3n, ha permitido a Carabineros disminuir los accidentes de tr\u00e1nsito con participaci\u00f3n de veh\u00edculos fiscales y funcionarios lesionados.<\/p>\n\n\n\n<p>La regi\u00f3n de \u00d1uble destaca a nivel nacional con la implementaci\u00f3n de esta unidad de instrucci\u00f3n, que permanentemente est\u00e1 capacitando y retroalimentando a los funcionarios de la dotaci\u00f3n local.<\/p>\n\n\n\n<p><\/p>\n","protected":false},"excerpt":{"rendered":"<p>Esta semana reci\u00e9n pasada, Carabineros de la regi\u00f3n de \u00d1uble certific\u00f3 a 12 funcionarios de diversas unidades y destacamentos de la regi\u00f3n como nuevos conductores de motos todo terreno, competencias profesionales que permiten fortalecer las operaciones policiales en la zona&#8230;<\/p>\n","protected":false},"author":1,"featured_media":1658,"comment_status":"open","ping_status":"open","sticky":false,"template":"","format":"standard","meta":{"footnotes":""},"categories":[1],"tags":[],"class_list":["post-1657","post","type-post","status-publish","format-standard","has-post-thumbnail","hentry","category-noticias"],"_links":{"self":[{"href":"https:\/\/www.manantialradio.cl\/web\/wp-json\/wp\/v2\/posts\/1657","targetHints":{"allow":["GET"]}}],"collection":[{"href":"https:\/\/www.manantialradio.cl\/web\/wp-json\/wp\/v2\/posts"}],"about":[{"href":"https:\/\/www.manantialradio.cl\/web\/wp-json\/wp\/v2\/types\/post"}],"author":[{"embeddable":true,"href":"https:\/\/www.manantialradio.cl\/web\/wp-json\/wp\/v2\/users\/1"}],"replies":[{"embeddable":true,"href":"https:\/\/www.manantialradio.cl\/web\/wp-json\/wp\/v2\/comments?post=1657"}],"version-history":[{"count":1,"href":"https:\/\/www.manantialradio.cl\/web\/wp-json\/wp\/v2\/posts\/1657\/revisions"}],"predecessor-version":[{"id":1659,"href":"https:\/\/www.manantialradio.cl\/web\/wp-json\/wp\/v2\/posts\/1657\/revisions\/1659"}],"wp:featuredmedia":[{"embeddable":true,"href":"https:\/\/www.manantialradio.cl\/web\/wp-json\/wp\/v2\/media\/1658"}],"wp:attachment":[{"href":"https:\/\/www.manantialradio.cl\/web\/wp-json\/wp\/v2\/media?parent=1657"}],"wp:term":[{"taxonomy":"category","embeddable":true,"href":"https:\/\/www.manantialradio.cl\/web\/wp-json\/wp\/v2\/categories?post=1657"},{"taxonomy":"post_tag","embeddable":true,"href":"https:\/\/www.manantialradio.cl\/web\/wp-json\/wp\/v2\/tags?post=1657"}],"curies":[{"name":"wp","href":"https:\/\/api.w.org\/{rel}","templated":true}]}}