{"id":1699,"date":"2024-12-23T15:29:13","date_gmt":"2024-12-23T15:29:13","guid":{"rendered":"https:\/\/www.manantialradio.cl\/web\/?p=1699"},"modified":"2024-12-23T15:29:13","modified_gmt":"2024-12-23T15:29:13","slug":"mas-de-600-entusiastas-adultos-mayores-festejaron-su-dia-en-el-carmen","status":"publish","type":"post","link":"https:\/\/www.manantialradio.cl\/web\/2024\/12\/23\/mas-de-600-entusiastas-adultos-mayores-festejaron-su-dia-en-el-carmen\/","title":{"rendered":"M\u00e1s de 600 entusiastas adultos mayores festejaron su d\u00eda en El Carmen"},"content":{"rendered":"\n<p class=\"wp-block-paragraph\">Jornada de celebraci\u00f3n se realiz\u00f3 el reciente s\u00e1bado en el gimnasio de la Escuela de Navidad, con todo un d\u00eda de actividades destinada para los adultos mayores carmelinos organizada junto al municipio._<\/p>\n\n\n\n<p class=\"wp-block-paragraph\">Un d\u00eda completo de actividades con los adultos mayores como protagonistas, se vivi\u00f3 el reciente s\u00e1bado en el gimnasio de la Escuela de Navidad de El Carmen, enmarcado en la celebraci\u00f3n pendiente del D\u00eda del Adulto Mayor, instancia que congreg\u00f3 m\u00e1s de 600 personas, organizada entre la Municipalidad de El Carmen y la Uni\u00f3n Comunal de Clubes de Adulto Mayor, conformada por 39 clubes carmelinos.<\/p>\n\n\n\n<p class=\"wp-block-paragraph\">El d\u00eda tuvo su comienzo con un desayuno campestre y de ah\u00ed en adelante m\u00faltiples actividades, juegos, m\u00fasica y baile que amenizaron la jornada, y cont\u00f3 con la presencia del alcalde Ren\u00e1n Cabezas, el diputado Crist\u00f3bal Mart\u00ednez y los concejales Paz Salazar, Emilio Mart\u00ednez y Benjam\u00edn Garrido.<\/p>\n\n\n\n<p class=\"wp-block-paragraph\">\u201cEstamos muy contentos, mucha convocatoria, con la participaci\u00f3n de los 38 clubes de adulto mayor de la comuna participando de esta actividad. Agradecer principalmente a la oficina del adulto mayor, a la se\u00f1ora Oriana Moncada, a las funcionarias y funcionarios municipales que permiten este tipo de actividad, ya que hay mucho trabajo y esfuerzo detr\u00e1s de esto, donde lo \u00fanico que se busca es entregar un d\u00eda agradable a nuestros adultos mayores. El llamado es a disfrutar de este tipo de instancias y a cuidar a nuestros adultos mayores\u201d, expres\u00f3 el alcalde de El Carmen, Ren\u00e1n Cabezas, quien tambi\u00e9n le toc\u00f3 subir al escenario e interpretar un par de canciones para los asistentes, destacando el cl\u00e1sico \u201cTe he prometido\u201d de \u201cLeo Dan\u201d, coreada a todo pulm\u00f3n por todos en el gimnasio.<\/p>\n\n\n\n<p class=\"wp-block-paragraph\">El diputado Crist\u00f3bal Mart\u00ednez tambi\u00e9n se hizo presente en la jornada, destacando la convocatoria y el sello que proyecta la nueva administraci\u00f3n a cargo del municipio carmelino.<\/p>\n\n\n\n<p class=\"wp-block-paragraph\">\u201cTremenda actividad. Yo creo que este sello de este nuevo municipio es el compromiso con sus adultos mayores. Desearle la mayor de sus suertes al alcalde Ren\u00e1n Cabezas, a sus concejales, al equipo municipal que siga este esp\u00edritu especialmente con ellos, con nuestros adultos mayores de los distintos sectores rurales y urbano, y que obviamente han entregado mucho a esta comuna, por eso este reconocimiento, y valorar lo que han hecho nuestros adultos mayores\u201d, agreg\u00f3 el parlamentario.<\/p>\n\n\n\n<p class=\"wp-block-paragraph\">La actividad era muy esperada por las agrupaciones de adultos mayores locales, tanto del sector urbano y rural de la comuna, la que posibilit\u00f3 adem\u00e1s la elecci\u00f3n de sus nuevos \u201cReyes 2024\u201d, elecciones que recayeron en Pedro Moraga y Adela Riquelme, ambos pertenecientes al grupo de adultos mayores \u00abEntre R\u00edos\u00bb del sector de Rinconada Diguill\u00edn. Se destacaron adem\u00e1s las mejores cuatro presentaciones art\u00edsticas de los grupos, cumpli\u00e9ndose el objetivo del programa que fue lograr la integraci\u00f3n, inclusi\u00f3n y participaci\u00f3n entusiasta de \u00e9stos en la comunidad.<\/p>\n\n\n\n<p class=\"wp-block-paragraph\">Finalmente la encargada municipal del adulto mayor, Oriana Moncada, mencion\u00f3 que la decisi\u00f3n de realizar la actividad durante el presente mes de diciembre, recay\u00f3 principalmente en que los establecimientos educacionales ya tienen cerrados sus a\u00f1os escolares, lo que daba mayor disponibilidad de espacios y mobiliario necesario (sillas y mesas), para el normal desarrollo del evento.<\/p>\n\n\n\n<p class=\"wp-block-paragraph\"><\/p>\n","protected":false},"excerpt":{"rendered":"<p>Jornada de celebraci\u00f3n se realiz\u00f3 el reciente s\u00e1bado en el gimnasio de la Escuela de Navidad, con todo un d\u00eda de actividades destinada para los adultos mayores carmelinos organizada junto al municipio._ Un d\u00eda completo de actividades con los adultos&#8230;<\/p>\n","protected":false},"author":1,"featured_media":1700,"comment_status":"open","ping_status":"open","sticky":false,"template":"","format":"standard","meta":{"footnotes":""},"categories":[1],"tags":[],"class_list":["post-1699","post","type-post","status-publish","format-standard","has-post-thumbnail","hentry","category-noticias"],"_links":{"self":[{"href":"https:\/\/www.manantialradio.cl\/web\/wp-json\/wp\/v2\/posts\/1699","targetHints":{"allow":["GET"]}}],"collection":[{"href":"https:\/\/www.manantialradio.cl\/web\/wp-json\/wp\/v2\/posts"}],"about":[{"href":"https:\/\/www.manantialradio.cl\/web\/wp-json\/wp\/v2\/types\/post"}],"author":[{"embeddable":true,"href":"https:\/\/www.manantialradio.cl\/web\/wp-json\/wp\/v2\/users\/1"}],"replies":[{"embeddable":true,"href":"https:\/\/www.manantialradio.cl\/web\/wp-json\/wp\/v2\/comments?post=1699"}],"version-history":[{"count":1,"href":"https:\/\/www.manantialradio.cl\/web\/wp-json\/wp\/v2\/posts\/1699\/revisions"}],"predecessor-version":[{"id":1701,"href":"https:\/\/www.manantialradio.cl\/web\/wp-json\/wp\/v2\/posts\/1699\/revisions\/1701"}],"wp:featuredmedia":[{"embeddable":true,"href":"https:\/\/www.manantialradio.cl\/web\/wp-json\/wp\/v2\/media\/1700"}],"wp:attachment":[{"href":"https:\/\/www.manantialradio.cl\/web\/wp-json\/wp\/v2\/media?parent=1699"}],"wp:term":[{"taxonomy":"category","embeddable":true,"href":"https:\/\/www.manantialradio.cl\/web\/wp-json\/wp\/v2\/categories?post=1699"},{"taxonomy":"post_tag","embeddable":true,"href":"https:\/\/www.manantialradio.cl\/web\/wp-json\/wp\/v2\/tags?post=1699"}],"curies":[{"name":"wp","href":"https:\/\/api.w.org\/{rel}","templated":true}]}}