{"id":1745,"date":"2025-01-11T17:16:42","date_gmt":"2025-01-11T17:16:42","guid":{"rendered":"https:\/\/www.manantialradio.cl\/web\/?p=1745"},"modified":"2025-01-11T17:16:42","modified_gmt":"2025-01-11T17:16:42","slug":"los-cumpleanos-de-adultos-mayores-volveran-el-proximo-ano","status":"publish","type":"post","link":"https:\/\/www.manantialradio.cl\/web\/2025\/01\/11\/los-cumpleanos-de-adultos-mayores-volveran-el-proximo-ano\/","title":{"rendered":"LOS CUMPLEA\u00d1OS DE ADULTOS MAYORES VOLVERAN EL PROXIMO A\u00d1O"},"content":{"rendered":"\n<p>Ya en la recta final los cumplea\u00f1os de los socios y socias de las agrupaciones de adultos mayores de la comuna empiezan a concluir, destacando el esp\u00edritu de camarader\u00eda y amistad en cada uno de ellos donde son acompa\u00f1ados por el municipio, mediante el Alcalde Ren\u00e1n Renan Cabezas Arroyo y la encargada municipal del los Adultos Mayores, Oriana Moncada.<\/p>\n\n\n\n<p>\u00a0La vida es bella, El trigal, San Lucas, Paz y Amistad, Los copihues, La edad de oro, Luz y esperanza y Tu derecho y el M\u00edo fueron las agrupaciones protagonistas de los primeros festejos de este nuevo a\u00f1o.\u00a0<\/p>\n\n\n\n<p>\u00a0Presente estuvieron en algunas de las actividades mencionadas, invitados por las respectivas organizaciones, la concejala Paz Salazar y su par concejal, Emilio Mart\u00ednez, contando tambi\u00e9n con la presencia de la #Dideco Margarita Garrido.<\/p>\n","protected":false},"excerpt":{"rendered":"<p>Ya en la recta final los cumplea\u00f1os de los socios y socias de las agrupaciones de adultos mayores de la comuna empiezan a concluir, destacando el esp\u00edritu de camarader\u00eda y amistad en cada uno de ellos donde son acompa\u00f1ados por&#8230;<\/p>\n","protected":false},"author":1,"featured_media":1746,"comment_status":"open","ping_status":"open","sticky":false,"template":"","format":"standard","meta":{"footnotes":""},"categories":[1],"tags":[],"class_list":["post-1745","post","type-post","status-publish","format-standard","has-post-thumbnail","hentry","category-noticias"],"_links":{"self":[{"href":"https:\/\/www.manantialradio.cl\/web\/wp-json\/wp\/v2\/posts\/1745","targetHints":{"allow":["GET"]}}],"collection":[{"href":"https:\/\/www.manantialradio.cl\/web\/wp-json\/wp\/v2\/posts"}],"about":[{"href":"https:\/\/www.manantialradio.cl\/web\/wp-json\/wp\/v2\/types\/post"}],"author":[{"embeddable":true,"href":"https:\/\/www.manantialradio.cl\/web\/wp-json\/wp\/v2\/users\/1"}],"replies":[{"embeddable":true,"href":"https:\/\/www.manantialradio.cl\/web\/wp-json\/wp\/v2\/comments?post=1745"}],"version-history":[{"count":1,"href":"https:\/\/www.manantialradio.cl\/web\/wp-json\/wp\/v2\/posts\/1745\/revisions"}],"predecessor-version":[{"id":1747,"href":"https:\/\/www.manantialradio.cl\/web\/wp-json\/wp\/v2\/posts\/1745\/revisions\/1747"}],"wp:featuredmedia":[{"embeddable":true,"href":"https:\/\/www.manantialradio.cl\/web\/wp-json\/wp\/v2\/media\/1746"}],"wp:attachment":[{"href":"https:\/\/www.manantialradio.cl\/web\/wp-json\/wp\/v2\/media?parent=1745"}],"wp:term":[{"taxonomy":"category","embeddable":true,"href":"https:\/\/www.manantialradio.cl\/web\/wp-json\/wp\/v2\/categories?post=1745"},{"taxonomy":"post_tag","embeddable":true,"href":"https:\/\/www.manantialradio.cl\/web\/wp-json\/wp\/v2\/tags?post=1745"}],"curies":[{"name":"wp","href":"https:\/\/api.w.org\/{rel}","templated":true}]}}