{"id":1947,"date":"2025-05-01T16:37:09","date_gmt":"2025-05-01T16:37:09","guid":{"rendered":"https:\/\/www.manantialradio.cl\/web\/?p=1947"},"modified":"2025-05-01T16:37:09","modified_gmt":"2025-05-01T16:37:09","slug":"la-alegria-y-el-color-se-tomaron-nuestra-comuna","status":"publish","type":"post","link":"https:\/\/www.manantialradio.cl\/web\/2025\/05\/01\/la-alegria-y-el-color-se-tomaron-nuestra-comuna\/","title":{"rendered":"LA ALEGR\u00cdA Y EL COLOR SE TOMARON NUESTRA COMUNA"},"content":{"rendered":"\n<p>Con gran entusiasmo celebramos la 3\u00aa Corrida de Colores, una jornada inolvidable donde m\u00e1s de 800 estudiantes, junto a sus familias y apoderados, llenaron de energ\u00eda, risas y compa\u00f1erismo nuestras calles.<\/p>\n\n\n\n<p>\u00a0Esta fiesta del deporte y la vida saludable cont\u00f3 con la destacada participaci\u00f3n de nuestro Alcalde Ren\u00e1n Cabezas, quien se sum\u00f3 con alegr\u00eda al recorrido, demostrando su compromiso con la comunidad y el bienestar de nuestros estudiantes.\u00a0.<\/p>\n\n\n\n<p>\u00a0Queremos destacar especialmente el compromiso y la energ\u00eda de nuestros profesores de Educaci\u00f3n F\u00edsica\u00a0, quienes con entusiasmo y dedicaci\u00f3n han sido motores fundamentales para motivar a nuestros estudiantes a incorporar la actividad f\u00edsica como parte de su vida diaria. \u00a1Su labor inspira y transforma!\u00a0.<\/p>\n\n\n\n<p>\u00a0Gracias a todos los que fueron parte de esta maravillosa experiencia. \u00a1Seguimos construyendo comunidad a todo color!\u00a0.<\/p>\n\n\n\n<p>\u00a0Todas las fotos en la p\u00e1gina de Facebook del DAEM<\/p>\n","protected":false},"excerpt":{"rendered":"<p>Con gran entusiasmo celebramos la 3\u00aa Corrida de Colores, una jornada inolvidable donde m\u00e1s de 800 estudiantes, junto a sus familias y apoderados, llenaron de energ\u00eda, risas y compa\u00f1erismo nuestras calles. \u00a0Esta fiesta del deporte y la vida saludable cont\u00f3&#8230;<\/p>\n","protected":false},"author":1,"featured_media":1948,"comment_status":"open","ping_status":"open","sticky":false,"template":"","format":"standard","meta":{"footnotes":""},"categories":[1],"tags":[],"class_list":["post-1947","post","type-post","status-publish","format-standard","has-post-thumbnail","hentry","category-noticias"],"_links":{"self":[{"href":"https:\/\/www.manantialradio.cl\/web\/wp-json\/wp\/v2\/posts\/1947","targetHints":{"allow":["GET"]}}],"collection":[{"href":"https:\/\/www.manantialradio.cl\/web\/wp-json\/wp\/v2\/posts"}],"about":[{"href":"https:\/\/www.manantialradio.cl\/web\/wp-json\/wp\/v2\/types\/post"}],"author":[{"embeddable":true,"href":"https:\/\/www.manantialradio.cl\/web\/wp-json\/wp\/v2\/users\/1"}],"replies":[{"embeddable":true,"href":"https:\/\/www.manantialradio.cl\/web\/wp-json\/wp\/v2\/comments?post=1947"}],"version-history":[{"count":1,"href":"https:\/\/www.manantialradio.cl\/web\/wp-json\/wp\/v2\/posts\/1947\/revisions"}],"predecessor-version":[{"id":1949,"href":"https:\/\/www.manantialradio.cl\/web\/wp-json\/wp\/v2\/posts\/1947\/revisions\/1949"}],"wp:featuredmedia":[{"embeddable":true,"href":"https:\/\/www.manantialradio.cl\/web\/wp-json\/wp\/v2\/media\/1948"}],"wp:attachment":[{"href":"https:\/\/www.manantialradio.cl\/web\/wp-json\/wp\/v2\/media?parent=1947"}],"wp:term":[{"taxonomy":"category","embeddable":true,"href":"https:\/\/www.manantialradio.cl\/web\/wp-json\/wp\/v2\/categories?post=1947"},{"taxonomy":"post_tag","embeddable":true,"href":"https:\/\/www.manantialradio.cl\/web\/wp-json\/wp\/v2\/tags?post=1947"}],"curies":[{"name":"wp","href":"https:\/\/api.w.org\/{rel}","templated":true}]}}