{"id":1958,"date":"2025-05-08T22:34:08","date_gmt":"2025-05-08T22:34:08","guid":{"rendered":"https:\/\/www.manantialradio.cl\/web\/?p=1958"},"modified":"2025-05-08T22:34:08","modified_gmt":"2025-05-08T22:34:08","slug":"primer-ano-del-centro-integral-de-la-mujer","status":"publish","type":"post","link":"https:\/\/www.manantialradio.cl\/web\/2025\/05\/08\/primer-ano-del-centro-integral-de-la-mujer\/","title":{"rendered":"Primer a\u00f1o del Centro Integral de la Mujer"},"content":{"rendered":"\n<p>Este jueves en dependencias del Sal\u00f3n Municipal se celebr\u00f3 el primer a\u00f1o de vida del Centro Integral de la Mujer de El Carmen, importante iniciativa implementara entre el municipio y el @gorenuble para acompa\u00f1ar y apoyar integral a las mujeres carmelinas que han sido v\u00edctimas de violencia.<\/p>\n\n\n\n<p>\u00a0La actividad cont\u00f3 con la presencia del Alcalde Ren\u00e1n Cabezas, la representante del Gobierno Regional de \u00d1uble, Tamara Valenzuela, concejales, la Directora de DIDECO, Margarita Garrido, el equipo profesional del centro y mujeres de la comuna.<\/p>\n\n\n\n<p>\u00a0El programa se enfoca en intervenci\u00f3n o reparaci\u00f3n, prevenci\u00f3n, as\u00ed como tambi\u00e9n en un trabajo intersectorial.<\/p>\n","protected":false},"excerpt":{"rendered":"<p>Este jueves en dependencias del Sal\u00f3n Municipal se celebr\u00f3 el primer a\u00f1o de vida del Centro Integral de la Mujer de El Carmen, importante iniciativa implementara entre el municipio y el @gorenuble para acompa\u00f1ar y apoyar integral a las mujeres&#8230;<\/p>\n","protected":false},"author":1,"featured_media":1959,"comment_status":"open","ping_status":"open","sticky":false,"template":"","format":"standard","meta":{"footnotes":""},"categories":[1],"tags":[],"class_list":["post-1958","post","type-post","status-publish","format-standard","has-post-thumbnail","hentry","category-noticias"],"_links":{"self":[{"href":"https:\/\/www.manantialradio.cl\/web\/wp-json\/wp\/v2\/posts\/1958","targetHints":{"allow":["GET"]}}],"collection":[{"href":"https:\/\/www.manantialradio.cl\/web\/wp-json\/wp\/v2\/posts"}],"about":[{"href":"https:\/\/www.manantialradio.cl\/web\/wp-json\/wp\/v2\/types\/post"}],"author":[{"embeddable":true,"href":"https:\/\/www.manantialradio.cl\/web\/wp-json\/wp\/v2\/users\/1"}],"replies":[{"embeddable":true,"href":"https:\/\/www.manantialradio.cl\/web\/wp-json\/wp\/v2\/comments?post=1958"}],"version-history":[{"count":1,"href":"https:\/\/www.manantialradio.cl\/web\/wp-json\/wp\/v2\/posts\/1958\/revisions"}],"predecessor-version":[{"id":1960,"href":"https:\/\/www.manantialradio.cl\/web\/wp-json\/wp\/v2\/posts\/1958\/revisions\/1960"}],"wp:featuredmedia":[{"embeddable":true,"href":"https:\/\/www.manantialradio.cl\/web\/wp-json\/wp\/v2\/media\/1959"}],"wp:attachment":[{"href":"https:\/\/www.manantialradio.cl\/web\/wp-json\/wp\/v2\/media?parent=1958"}],"wp:term":[{"taxonomy":"category","embeddable":true,"href":"https:\/\/www.manantialradio.cl\/web\/wp-json\/wp\/v2\/categories?post=1958"},{"taxonomy":"post_tag","embeddable":true,"href":"https:\/\/www.manantialradio.cl\/web\/wp-json\/wp\/v2\/tags?post=1958"}],"curies":[{"name":"wp","href":"https:\/\/api.w.org\/{rel}","templated":true}]}}