{"id":1965,"date":"2025-05-19T18:07:53","date_gmt":"2025-05-19T18:07:53","guid":{"rendered":"https:\/\/www.manantialradio.cl\/web\/?p=1965"},"modified":"2025-05-19T18:07:53","modified_gmt":"2025-05-19T18:07:53","slug":"programa-de-mujeres-jefas-de-hogar","status":"publish","type":"post","link":"https:\/\/www.manantialradio.cl\/web\/2025\/05\/19\/programa-de-mujeres-jefas-de-hogar\/","title":{"rendered":"PROGRAMA DE MUJERES JEFAS DE HOGAR"},"content":{"rendered":"\n<p>Un total de 55 mujeres carmelinas formar\u00e1n parte de la versi\u00f3n 2025 del Programa Mujeres Jefas de Hogar de nuestra comuna, las cuales dieron el \u00abvamos\u00bb a su incorporaci\u00f3n a la iniciativa ejecutada por el municipio e impulsada por @sernamegnuble.<\/p>\n\n\n\n<p>\u00a0El Alcalde Ren\u00e1n Cabezas les dio la bienvenida al programa y les dese\u00f3 el mayor de los \u00e9xitos en su desarrollo durante el presente a\u00f1o. Tambi\u00e9n se hizo presente la directora regional de Sernameg \u00d1uble Nicol Ulloa y la directora de Dideco, Margarita Garrido.<\/p>\n\n\n\n<p>\ufe0f Cabe recordar que dicho programa entrega principalmente apoyo en la formaci\u00f3n para desarrollar capacidades y habilidades para conseguir, mantener o mejorar un empleo o actividad independiente de cada una de sus integrantes.<\/p>\n","protected":false},"excerpt":{"rendered":"<p>Un total de 55 mujeres carmelinas formar\u00e1n parte de la versi\u00f3n 2025 del Programa Mujeres Jefas de Hogar de nuestra comuna, las cuales dieron el \u00abvamos\u00bb a su incorporaci\u00f3n a la iniciativa ejecutada por el municipio e impulsada por @sernamegnuble&#8230;.<\/p>\n","protected":false},"author":1,"featured_media":1966,"comment_status":"open","ping_status":"open","sticky":false,"template":"","format":"standard","meta":{"footnotes":""},"categories":[1],"tags":[],"class_list":["post-1965","post","type-post","status-publish","format-standard","has-post-thumbnail","hentry","category-noticias"],"_links":{"self":[{"href":"https:\/\/www.manantialradio.cl\/web\/wp-json\/wp\/v2\/posts\/1965","targetHints":{"allow":["GET"]}}],"collection":[{"href":"https:\/\/www.manantialradio.cl\/web\/wp-json\/wp\/v2\/posts"}],"about":[{"href":"https:\/\/www.manantialradio.cl\/web\/wp-json\/wp\/v2\/types\/post"}],"author":[{"embeddable":true,"href":"https:\/\/www.manantialradio.cl\/web\/wp-json\/wp\/v2\/users\/1"}],"replies":[{"embeddable":true,"href":"https:\/\/www.manantialradio.cl\/web\/wp-json\/wp\/v2\/comments?post=1965"}],"version-history":[{"count":1,"href":"https:\/\/www.manantialradio.cl\/web\/wp-json\/wp\/v2\/posts\/1965\/revisions"}],"predecessor-version":[{"id":1967,"href":"https:\/\/www.manantialradio.cl\/web\/wp-json\/wp\/v2\/posts\/1965\/revisions\/1967"}],"wp:featuredmedia":[{"embeddable":true,"href":"https:\/\/www.manantialradio.cl\/web\/wp-json\/wp\/v2\/media\/1966"}],"wp:attachment":[{"href":"https:\/\/www.manantialradio.cl\/web\/wp-json\/wp\/v2\/media?parent=1965"}],"wp:term":[{"taxonomy":"category","embeddable":true,"href":"https:\/\/www.manantialradio.cl\/web\/wp-json\/wp\/v2\/categories?post=1965"},{"taxonomy":"post_tag","embeddable":true,"href":"https:\/\/www.manantialradio.cl\/web\/wp-json\/wp\/v2\/tags?post=1965"}],"curies":[{"name":"wp","href":"https:\/\/api.w.org\/{rel}","templated":true}]}}