{"id":291,"date":"2024-04-24T16:46:22","date_gmt":"2024-04-24T16:46:22","guid":{"rendered":"https:\/\/www.manantialradio.cl\/web\/?p=291"},"modified":"2024-04-24T16:46:22","modified_gmt":"2024-04-24T16:46:22","slug":"pueden-burlarse-y-tirar-besos-pero-no-me-robaran-la-paz-esposa-de-mayor-sanchez-pide-cadena-perpetua-para-acusados","status":"publish","type":"post","link":"https:\/\/www.manantialradio.cl\/web\/2024\/04\/24\/pueden-burlarse-y-tirar-besos-pero-no-me-robaran-la-paz-esposa-de-mayor-sanchez-pide-cadena-perpetua-para-acusados\/","title":{"rendered":"\u00abPueden burlarse y tirar besos, pero no me robar\u00e1n la paz\u00bb: Esposa de mayor S\u00e1nchez pide cadena perpetua para acusados"},"content":{"rendered":"\n<p class=\"wp-block-paragraph\"><br>La esposa del&nbsp;<strong>mayor de Carabineros Emmanuel S\u00e1nchez<\/strong>, quien fue asesinado la noche del 10 de abril en Quinta Normal cuando intent\u00f3 frustrar un robo, convers\u00f3 en exclusiva con Mucho Gusto, instancia en la que record\u00f3 sus primeros a\u00f1os como pareja, sus temores ante el peligro al que se expon\u00eda el uniformado y sus impresiones sobre los detenidos por el crimen.&nbsp;<strong><\/strong><\/p>\n\n\n\n<h2 class=\"wp-block-heading\">\u00abEstoy tranquila, pese a todo\u00bb<\/h2>\n\n\n\n<p class=\"wp-block-paragraph\">\u00abEste momento es dif\u00edcil. Es dif\u00edcil para m\u00ed hablar sobre lo que siento, sobre lo que pienso.\u00a0<strong>Estoy tranquila, pese a todo. Hay mucha paz, mucha tranquilidad<\/strong>.\u00a0Tengo a mi familia al lado, tengo a mi iglesia, mis hermanos. Eso me ha ayudado mucho a estar de pie, a salir adelante por m\u00ed y por mi hijo\u00bb, comenz\u00f3 se\u00f1alando\u00a0<strong>Macarena Garc\u00eda<\/strong>.\u00a0<\/p>\n\n\n\n<p class=\"wp-block-paragraph\">Sobre c\u00f3mo ha vivido lo ocurrido su hijo de solo tres a\u00f1os, manifest\u00f3 que<strong>&nbsp;\u00abGracias a Dios \u00e9l es peque\u00f1ito, no se da cuenta mucho de la situaci\u00f3n<\/strong>. S\u00ed pregunta por su pap\u00e1, s\u00ed hay cosas que se acuerda de \u00e9l, como cuando ve su reloj, su perfume, su ropa. Ah\u00ed pregunta por \u00e9l\u00bb.&nbsp;<\/p>\n\n\n\n<figure class=\"wp-block-image\"><img decoding=\"async\" src=\"https:\/\/images2-mega.cdn.mdstrm.com\/meganoticias\/2024\/04\/24\/_445869_2_66291638a8c56.jpg\" alt=\"\"\/><figcaption class=\"wp-element-caption\">Meganoticias<\/figcaption><\/figure>\n\n\n\n<p class=\"wp-block-paragraph\">\u00abCarabineros, la instituci\u00f3n, el general Y\u00e1\u00f1ez (se han portado) un siete, no tengo nada que decir respecto a ellos. Han estado presentes, me han llamado, se han preocupado, y eso para uno en este momento es s\u00faper importante\u00bb, agreg\u00f3 la viuda de S\u00e1nchez.<\/p>\n\n\n\n<h2 class=\"wp-block-heading\">Sus primeros a\u00f1os como pareja<\/h2>\n\n\n\n<p class=\"wp-block-paragraph\">\u00abCon Emmanuel nos conocimos en la iglesia. Yo comenc\u00e9 muy ni\u00f1a en la iglesia, como a los 10 a\u00f1os, ah\u00ed nos conocimos. Obviamente, no hab\u00eda una relaci\u00f3n, nos salud\u00e1bamos solamente\u00bb, relat\u00f3 Macarena.&nbsp;<\/p>\n\n\n\n<p class=\"wp-block-paragraph\">\u00abA los 22 a\u00f1os comenzamos a pololear. \u00c9l me invit\u00f3 a salir, comenzamos a hablar, a los 23 a\u00f1os qued\u00e9 embarazada de Pedro y nos casamos (por el civil). Y el a\u00f1o pasado nos casamos por la iglesia\u00bb, agreg\u00f3.&nbsp;<\/p>\n\n\n\n<p class=\"wp-block-paragraph\">La esposa del funcionario, sin embargo, no tiene los mejores recuerdos sobre el trabajo que desempe\u00f1aba Emmanuel.&nbsp;\u00abLamentablemente, por la instituci\u00f3n&nbsp;<strong>nos ve\u00edamos bastante poco, por los horarios.<\/strong>&nbsp;Eran dif\u00edciles los horarios que \u00e9l ten\u00eda\u00bb, se\u00f1al\u00f3.&nbsp;&nbsp;<\/p>\n\n\n\n<p class=\"wp-block-paragraph\">\u00ab<strong>Siempre estuvo bien comprometido con la instituci\u00f3n<\/strong>, le gustaba hacer su trabajo. Si un d\u00eda a \u00e9l lo llamaban de franco, \u00e9l iba. Si pasaba un accidente, si la pasaba algo a su compa\u00f1ero, de noche o tarde, \u00e9l iba al hospital a verlo\u00bb, indic\u00f3.<\/p>\n\n\n\n<h2 class=\"wp-block-heading\">\u00abYo me quejaba harto por sus horarios\u00bb<\/h2>\n\n\n\n<p class=\"wp-block-paragraph\">Dicho compromiso con Carabineros no siempre fue entendido por Macarena. \u00abYo igual me quejaba harto por sus horarios. No siempre entend\u00eda por qu\u00e9 ten\u00eda que ir, por qu\u00e9 no iba otro\u00bb.<\/p>\n\n\n\n<p class=\"wp-block-paragraph\">Incluso asegur\u00f3 que cu\u00e1ndo S\u00e1nchez ten\u00eda turnos de noche, \u00ab<strong>yo la pasaba mal, ten\u00eda que estar orando por \u00e9l<\/strong>&nbsp;para que llegara con vida al d\u00eda siguiente, entonces para m\u00ed fueron complicados los a\u00f1os que \u00e9l estuvo en la instituci\u00f3n\u00bb.&nbsp;<\/p>\n\n\n\n<p class=\"wp-block-paragraph\">En ese sentido, revela que<strong>&nbsp;\u00ab\u00e9l sent\u00eda harta impotencia, porque no pod\u00edan hacer nada<\/strong>. Carabineros realmente estaba con los brazos atados. No pod\u00edan hacerle nada a los delincuentes, ni siquiera pod\u00edan usar sus armas de servicio\u00bb.&nbsp;<\/p>\n\n\n\n<h2 class=\"wp-block-heading\">Viuda de S\u00e1nchez pide cadena perpetua<\/h2>\n\n\n\n<p class=\"wp-block-paragraph\">Sobre la detenci\u00f3n en Colombia de<strong>&nbsp;Dayonis Orozco<\/strong>, sindicado como el autor de los disparos que acabaron con la vida de su esposo, expres\u00f3 que \u00abno puedo decir que estoy contenta, que estoy feliz,<strong>&nbsp;pero s\u00ed estoy muy aliviada de que lo hayan encontrado.<\/strong>&nbsp;Siempre supe que lo iban a encontrar tarde o temprano. No dud\u00e9 de eso\u00bb.<\/p>\n\n\n\n<p class=\"wp-block-paragraph\">\u00abEn cuanto a los otros tres, agradezco mucho a Carabineros, se movi\u00f3 muy r\u00e1pido. Hay criminales que arrancan del pa\u00eds y a\u00fan no los encuentran\u00bb, a\u00f1adi\u00f3.<\/p>\n\n\n\n<p class=\"wp-block-paragraph\">En la entrevista, se refiri\u00f3 a la forma en la que han reaccionado los presuntos responsables al momento de ser detenidos, haciendo gestos burlescos o lanzando besos a las c\u00e1maras de televisi\u00f3n.&nbsp;<\/p>\n\n\n\n<p class=\"wp-block-paragraph\">\u00ab<strong>Ellos pueden burlarse y tirar besos, pero no me van a robar la paz, no me van a robar la tranquilidad<\/strong>, ellos van a pagar, y eso me tiene tranquila, de que ahora los tienen. No creo que sea tan f\u00e1cil sacarlos de la c\u00e1rcel, yo creo que van a tener una buena condena. Les van a dar unos buenos a\u00f1os y eso me tiene tranquila\u00bb, coment\u00f3 Macarena.&nbsp;<\/p>\n\n\n\n<p class=\"wp-block-paragraph\">\u00abDentro de la c\u00e1rcel van a tener que patalear. O que tiren besos dentro de la c\u00e1rcel, que hagan morisquetas, no importa, van a estar en la c\u00e1rcel\u00bb, reafirm\u00f3.<\/p>\n\n\n\n<p class=\"wp-block-paragraph\"><\/p>\n\n\n\n<p class=\"wp-block-paragraph\">Por ello, pidi\u00f3&nbsp;<strong>cadena perpetua \u00abpara todos<\/strong>, porque no importa que uno haya disparado o dos, ellos estaban ah\u00ed y arrancaron. \u00bfPor qu\u00e9 no frenaron al compa\u00f1ero que estaba disparando?\u00bb.<\/p>\n","protected":false},"excerpt":{"rendered":"<p>La esposa del&nbsp;mayor de Carabineros Emmanuel S\u00e1nchez, quien fue asesinado la noche del 10 de abril en Quinta Normal cuando intent\u00f3 frustrar un robo, convers\u00f3 en exclusiva con Mucho Gusto, instancia en la que record\u00f3 sus primeros a\u00f1os como pareja,&#8230;<\/p>\n","protected":false},"author":1,"featured_media":292,"comment_status":"open","ping_status":"open","sticky":false,"template":"","format":"standard","meta":{"footnotes":""},"categories":[1],"tags":[],"class_list":["post-291","post","type-post","status-publish","format-standard","has-post-thumbnail","hentry","category-noticias"],"_links":{"self":[{"href":"https:\/\/www.manantialradio.cl\/web\/wp-json\/wp\/v2\/posts\/291","targetHints":{"allow":["GET"]}}],"collection":[{"href":"https:\/\/www.manantialradio.cl\/web\/wp-json\/wp\/v2\/posts"}],"about":[{"href":"https:\/\/www.manantialradio.cl\/web\/wp-json\/wp\/v2\/types\/post"}],"author":[{"embeddable":true,"href":"https:\/\/www.manantialradio.cl\/web\/wp-json\/wp\/v2\/users\/1"}],"replies":[{"embeddable":true,"href":"https:\/\/www.manantialradio.cl\/web\/wp-json\/wp\/v2\/comments?post=291"}],"version-history":[{"count":1,"href":"https:\/\/www.manantialradio.cl\/web\/wp-json\/wp\/v2\/posts\/291\/revisions"}],"predecessor-version":[{"id":293,"href":"https:\/\/www.manantialradio.cl\/web\/wp-json\/wp\/v2\/posts\/291\/revisions\/293"}],"wp:featuredmedia":[{"embeddable":true,"href":"https:\/\/www.manantialradio.cl\/web\/wp-json\/wp\/v2\/media\/292"}],"wp:attachment":[{"href":"https:\/\/www.manantialradio.cl\/web\/wp-json\/wp\/v2\/media?parent=291"}],"wp:term":[{"taxonomy":"category","embeddable":true,"href":"https:\/\/www.manantialradio.cl\/web\/wp-json\/wp\/v2\/categories?post=291"},{"taxonomy":"post_tag","embeddable":true,"href":"https:\/\/www.manantialradio.cl\/web\/wp-json\/wp\/v2\/tags?post=291"}],"curies":[{"name":"wp","href":"https:\/\/api.w.org\/{rel}","templated":true}]}}