{"id":300,"date":"2024-04-25T13:12:36","date_gmt":"2024-04-25T13:12:36","guid":{"rendered":"https:\/\/www.manantialradio.cl\/web\/?p=300"},"modified":"2024-04-25T13:12:36","modified_gmt":"2024-04-25T13:12:36","slug":"comparten-asombrosa-imagen-de-la-luna-llena-rosa-desde-calama","status":"publish","type":"post","link":"https:\/\/www.manantialradio.cl\/web\/2024\/04\/25\/comparten-asombrosa-imagen-de-la-luna-llena-rosa-desde-calama\/","title":{"rendered":"Comparten asombrosa imagen de la Luna Llena Rosa desde Calama"},"content":{"rendered":"\n<p class=\"wp-block-paragraph\">La noche de este martes 23 de abril se produjo el fen\u00f3meno astron\u00f3mico de&nbsp;<strong>Luna Llena Rosa<\/strong>, el cual dej\u00f3 incre\u00edbles postales que deleitaron a los amantes del cielo.<\/p>\n\n\n\n<p class=\"wp-block-paragraph\">El norte de chile no fue la excepci\u00f3n y as\u00ed lo demostr\u00f3 el comunicador audiovisual<strong>\u00a0Francisco Abarca Chac\u00f3n<\/strong>, que registr\u00f3 unas impresionantes im\u00e1genes en secuencia de la luna al asomarse desde el des\u00e9rtico paisaje de\u00a0<strong>Calama.<\/strong><\/p>\n\n\n\n<h2 class=\"wp-block-heading\">Luna Rosa<\/h2>\n\n\n\n<p class=\"wp-block-paragraph\">El norte de chile no fue la excepci\u00f3n y as\u00ed lo demostr\u00f3 el comunicador audiovisual Francisco Abarca Chac\u00f3n, seg\u00fan recogi\u00f3 el&nbsp;<a href=\"https:\/\/www.diarioantofagasta.cl\/antofalovers\/191322\/video-comunicador-audiovisual-de-calama-compartio-impresionante-secuencia-de-luna-llena-rosa\/\" target=\"_blank\" rel=\"noreferrer noopener\">Diario de Antofagasta<\/a>.<\/p>\n\n\n\n<figure class=\"wp-block-image\"><img decoding=\"async\" src=\"https:\/\/images2-mega.cdn.mdstrm.com\/meganoticias\/2024\/04\/25\/445935_1_662a234ccb13c.jpg\" alt=\"\"\/><\/figure>\n\n\n\n<p class=\"wp-block-paragraph\">La captura en video muestra&nbsp;<strong>una bella postal en c\u00e1mara r\u00e1pida<\/strong>, con la visual de los molinos y carreteras que atraviesan la&nbsp;<strong>regi\u00f3n de Antofagasta<\/strong>, justo debajo de la gigantesca Luna Llena Rosa.<\/p>\n\n\n\n<p class=\"wp-block-paragraph\"><\/p>\n\n\n\n<h2 class=\"wp-block-heading\">La secuencia<\/h2>\n\n\n\n<p class=\"wp-block-paragraph\">En concreto, el profesional registr\u00f3 unas impresionantes im\u00e1genes en secuencia de la Luna al asomarse desde el \u00e1rido paisaje de Calama.<\/p>\n","protected":false},"excerpt":{"rendered":"<p>La noche de este martes 23 de abril se produjo el fen\u00f3meno astron\u00f3mico de&nbsp;Luna Llena Rosa, el cual dej\u00f3 incre\u00edbles postales que deleitaron a los amantes del cielo. El norte de chile no fue la excepci\u00f3n y as\u00ed lo demostr\u00f3&#8230;<\/p>\n","protected":false},"author":1,"featured_media":301,"comment_status":"open","ping_status":"open","sticky":false,"template":"","format":"standard","meta":{"footnotes":""},"categories":[1],"tags":[],"class_list":["post-300","post","type-post","status-publish","format-standard","has-post-thumbnail","hentry","category-noticias"],"_links":{"self":[{"href":"https:\/\/www.manantialradio.cl\/web\/wp-json\/wp\/v2\/posts\/300","targetHints":{"allow":["GET"]}}],"collection":[{"href":"https:\/\/www.manantialradio.cl\/web\/wp-json\/wp\/v2\/posts"}],"about":[{"href":"https:\/\/www.manantialradio.cl\/web\/wp-json\/wp\/v2\/types\/post"}],"author":[{"embeddable":true,"href":"https:\/\/www.manantialradio.cl\/web\/wp-json\/wp\/v2\/users\/1"}],"replies":[{"embeddable":true,"href":"https:\/\/www.manantialradio.cl\/web\/wp-json\/wp\/v2\/comments?post=300"}],"version-history":[{"count":1,"href":"https:\/\/www.manantialradio.cl\/web\/wp-json\/wp\/v2\/posts\/300\/revisions"}],"predecessor-version":[{"id":302,"href":"https:\/\/www.manantialradio.cl\/web\/wp-json\/wp\/v2\/posts\/300\/revisions\/302"}],"wp:featuredmedia":[{"embeddable":true,"href":"https:\/\/www.manantialradio.cl\/web\/wp-json\/wp\/v2\/media\/301"}],"wp:attachment":[{"href":"https:\/\/www.manantialradio.cl\/web\/wp-json\/wp\/v2\/media?parent=300"}],"wp:term":[{"taxonomy":"category","embeddable":true,"href":"https:\/\/www.manantialradio.cl\/web\/wp-json\/wp\/v2\/categories?post=300"},{"taxonomy":"post_tag","embeddable":true,"href":"https:\/\/www.manantialradio.cl\/web\/wp-json\/wp\/v2\/tags?post=300"}],"curies":[{"name":"wp","href":"https:\/\/api.w.org\/{rel}","templated":true}]}}