{"id":310,"date":"2024-04-26T13:47:07","date_gmt":"2024-04-26T13:47:07","guid":{"rendered":"https:\/\/www.manantialradio.cl\/web\/?p=310"},"modified":"2024-04-26T13:47:07","modified_gmt":"2024-04-26T13:47:07","slug":"carabinero-dispara-a-menor-que-lo-amenazo-con-un-arma-en-quilpue-viajaba-en-auto-robado-con-otros-adolescentes","status":"publish","type":"post","link":"https:\/\/www.manantialradio.cl\/web\/2024\/04\/26\/carabinero-dispara-a-menor-que-lo-amenazo-con-un-arma-en-quilpue-viajaba-en-auto-robado-con-otros-adolescentes\/","title":{"rendered":"Carabinero dispara a menor que lo amenaz\u00f3 con un arma en Quilpu\u00e9: Viajaba en auto robado con otros adolescentes"},"content":{"rendered":"\n<p class=\"wp-block-paragraph\"><strong>Seis menores de entre 15 y 17 a\u00f1os fueron detenidos<\/strong>&nbsp;en la comuna de Quilpu\u00e9, en la&nbsp;<a href=\"https:\/\/www.meganoticias.cl\/temas\/region-de-valparaiso\/\" target=\"_blank\" rel=\"noreferrer noopener\">regi\u00f3n de Valpara\u00edso<\/a>, tras ser sorprendidos a bordo de un&nbsp;<strong>veh\u00edculo robado<\/strong>.<\/p>\n\n\n\n<p class=\"wp-block-paragraph\">Uno de los involucrados<strong>\u00a0amenaz\u00f3 con un arma de fuego<\/strong>\u00a0a un funcionario de Carabineros, quien respondi\u00f3 dispar\u00e1ndole para defenderse.<\/p>\n\n\n\n<h2 class=\"wp-block-heading\">\u00bfC\u00f3mo se produjo el procedimiento policial?&nbsp;<\/h2>\n\n\n\n<p class=\"wp-block-paragraph\">De acuerdo a informaci\u00f3n policial, el hecho ocurri\u00f3 el jueves mientras efectivos del Departamento Encargo y B\u00fasqueda de Personas y Veh\u00edculos del Valpara\u00edso realizaban una fiscalizaci\u00f3n.<\/p>\n\n\n\n<figure class=\"wp-block-image\"><img decoding=\"async\" src=\"https:\/\/images2-mega.cdn.mdstrm.com\/meganoticias\/2024\/04\/26\/_446035_1_662ba513a8a41.jpg\" alt=\"\"\/><figcaption class=\"wp-element-caption\">Aton \/ Referencial<\/figcaption><\/figure>\n\n\n\n<p class=\"wp-block-paragraph\">En ese momento, detectaron el paso de un<strong>&nbsp;veh\u00edculo con encargo por robo<\/strong>&nbsp;cometido el pasado mi\u00e9rcoles en Conc\u00f3n.<\/p>\n\n\n\n<p class=\"wp-block-paragraph\">Al efectuar el control respectivo, uno de los adolescentes amenaz\u00f3 con una pistola a uno de los uniformados.<\/p>\n\n\n\n<p class=\"wp-block-paragraph\">\u00abUno de ellos saca un armamento apuntando a uno de los carabineros, quien en leg\u00edtima defensa hace uso de su armamento de servicio procediendo a efectuar un disparo a la altura del tren inferior de la persona\u00bb, explic\u00f3 la&nbsp;<strong>mayor Marta Seguel<\/strong>, de la 2\u00aa Comisar\u00eda de Quilpu\u00e9.&nbsp;<\/p>\n\n\n\n<h2 class=\"wp-block-heading\">Adolescente est\u00e1 fuera de riesgo vital<\/h2>\n\n\n\n<p class=\"wp-block-paragraph\">El menor fue trasladado hasta el Hospital de Quilpu\u00e9, en donde se encuentra fuera de<strong>&nbsp;riesgo vital<\/strong>.&nbsp;<\/p>\n\n\n\n<p class=\"wp-block-paragraph\"><\/p>\n\n\n\n<p class=\"wp-block-paragraph\">Por su parte, los detenidos \u2014de 15, 16 y 17 a\u00f1os\u2014 pasar\u00e1n a control de detenci\u00f3n este viernes y ser\u00e1n formalizados por los delitos de&nbsp;<strong>receptaci\u00f3n de veh\u00edculo robado, homicidio frustrado e infracci\u00f3n a la Ley de Armas.<\/strong><\/p>\n","protected":false},"excerpt":{"rendered":"<p>Seis menores de entre 15 y 17 a\u00f1os fueron detenidos&nbsp;en la comuna de Quilpu\u00e9, en la&nbsp;regi\u00f3n de Valpara\u00edso, tras ser sorprendidos a bordo de un&nbsp;veh\u00edculo robado. Uno de los involucrados\u00a0amenaz\u00f3 con un arma de fuego\u00a0a un funcionario de Carabineros, quien&#8230;<\/p>\n","protected":false},"author":1,"featured_media":311,"comment_status":"open","ping_status":"open","sticky":false,"template":"","format":"standard","meta":{"footnotes":""},"categories":[1],"tags":[],"class_list":["post-310","post","type-post","status-publish","format-standard","has-post-thumbnail","hentry","category-noticias"],"_links":{"self":[{"href":"https:\/\/www.manantialradio.cl\/web\/wp-json\/wp\/v2\/posts\/310","targetHints":{"allow":["GET"]}}],"collection":[{"href":"https:\/\/www.manantialradio.cl\/web\/wp-json\/wp\/v2\/posts"}],"about":[{"href":"https:\/\/www.manantialradio.cl\/web\/wp-json\/wp\/v2\/types\/post"}],"author":[{"embeddable":true,"href":"https:\/\/www.manantialradio.cl\/web\/wp-json\/wp\/v2\/users\/1"}],"replies":[{"embeddable":true,"href":"https:\/\/www.manantialradio.cl\/web\/wp-json\/wp\/v2\/comments?post=310"}],"version-history":[{"count":1,"href":"https:\/\/www.manantialradio.cl\/web\/wp-json\/wp\/v2\/posts\/310\/revisions"}],"predecessor-version":[{"id":312,"href":"https:\/\/www.manantialradio.cl\/web\/wp-json\/wp\/v2\/posts\/310\/revisions\/312"}],"wp:featuredmedia":[{"embeddable":true,"href":"https:\/\/www.manantialradio.cl\/web\/wp-json\/wp\/v2\/media\/311"}],"wp:attachment":[{"href":"https:\/\/www.manantialradio.cl\/web\/wp-json\/wp\/v2\/media?parent=310"}],"wp:term":[{"taxonomy":"category","embeddable":true,"href":"https:\/\/www.manantialradio.cl\/web\/wp-json\/wp\/v2\/categories?post=310"},{"taxonomy":"post_tag","embeddable":true,"href":"https:\/\/www.manantialradio.cl\/web\/wp-json\/wp\/v2\/tags?post=310"}],"curies":[{"name":"wp","href":"https:\/\/api.w.org\/{rel}","templated":true}]}}