{"id":439,"date":"2024-05-13T22:25:30","date_gmt":"2024-05-13T22:25:30","guid":{"rendered":"https:\/\/www.manantialradio.cl\/web\/?p=439"},"modified":"2024-05-13T22:25:30","modified_gmt":"2024-05-13T22:25:30","slug":"ministro-cordero-anuncia-diligencias-tras-muerte-de-aspirante-a-gendarme-gendarmeria-abrio-una-investigacion","status":"publish","type":"post","link":"https:\/\/www.manantialradio.cl\/web\/2024\/05\/13\/ministro-cordero-anuncia-diligencias-tras-muerte-de-aspirante-a-gendarme-gendarmeria-abrio-una-investigacion\/","title":{"rendered":"Ministro Cordero anuncia diligencias tras muerte de aspirante a gendarme: \u00abGendarmer\u00eda abri\u00f3 una investigaci\u00f3n\u00bb"},"content":{"rendered":"\n<p class=\"wp-block-paragraph\">El ministro&nbsp;de Justicia y Derechos Humanos,&nbsp;<strong>Luis Cordero<\/strong>, abord\u00f3 este lunes el caso de la&nbsp;<a href=\"https:\/\/www.meganoticias.cl\/nacional\/447389-aspirante-a-gendarme-ignacia-albornoz-muere-neumonia-denuncian-obligada-a-trotar-madrugada-brk-13-05-2024.html\" target=\"_blank\" rel=\"noreferrer noopener\">aspirante a gendarme que muri\u00f3 de neumon\u00eda<\/a>&nbsp;el domingo, luego de ser, supuestamente, obligada a trotar enferma y durante la madrugada, seg\u00fan denuncia su familia.<\/p>\n\n\n\n<p class=\"wp-block-paragraph\">Sobre este tema, la autoridad anunci\u00f3 la\u00a0<strong>solicitud de diligencias realizadas por su cartera para de llevar a cabo una investigaci\u00f3n<\/strong>\u00a0en torno al hecho.<\/p>\n\n\n\n<h2 class=\"wp-block-heading\">\u00bfQu\u00e9 dijo el ministro Cordero?<\/h2>\n\n\n\n<p class=\"wp-block-paragraph\">Sobre el hecho, el secretario de Estado comenz\u00f3 se\u00f1alando que \u201c<strong>el Ministerio de Justicia ha estado levantando los antecedentes<\/strong>, le ha requerido informes a&nbsp;<a href=\"https:\/\/www.meganoticias.cl\/temas\/gendarmeria\/\" target=\"_blank\" rel=\"noreferrer noopener\">Gendarmer\u00eda<\/a>, de igual modo,&nbsp;<a href=\"https:\/\/www.meganoticias.cl\/temas\/gendarmeria\/\" target=\"_blank\" rel=\"noreferrer noopener\">Gendarmer\u00eda<\/a>&nbsp;<strong>abri\u00f3 una investigaci\u00f3n<\/strong>\u201d.<\/p>\n\n\n\n<figure class=\"wp-block-image\"><img decoding=\"async\" src=\"https:\/\/images2-mega.cdn.mdstrm.com\/meganoticias\/2024\/05\/13\/_447424_1_66426d211c5e9.jpg\" alt=\"\"\/><figcaption class=\"wp-element-caption\">ATON (archivo)<\/figcaption><\/figure>\n\n\n\n<p class=\"wp-block-paragraph\">\u201c<strong>Ella (la joven fallecida) habr\u00eda manifestado alg\u00fan&nbsp;padecimiento<\/strong>, del cual tuvo licencia m\u00e9dica, con posterioridad ella retorn\u00f3\u201d, a\u00f1adi\u00f3.<\/p>\n\n\n\n<p class=\"wp-block-paragraph\"><\/p>\n\n\n\n<p class=\"wp-block-paragraph\">Tras lo anterior, manifest\u00f3 que \u201cnosotros tenemos registrado hasta ahora, seg\u00fan la informaci\u00f3n que nos ha sido proporcionada, que&nbsp;<strong>durante esos d\u00edas de su retorno ella no realiz\u00f3 actividad f\u00edsica y con posterioridad, tuvo otro descanso<\/strong>&nbsp;respecto al cual&nbsp;<strong>su situaci\u00f3n de salud se complic\u00f3<\/strong>\u201d.<\/p>\n\n\n\n<p class=\"wp-block-paragraph\">\u201cEn cualquier caso, adem\u00e1s del requerimiento en particular que nosotros le hemos hecho a Gendarmer\u00eda,&nbsp;<strong>yo le he instruido personalmente al subsecretario que comparezca personalmente en la Escuela de Gendarmer\u00eda<\/strong>\u201d, puntualiz\u00f3.<\/p>\n\n\n\n<p class=\"wp-block-paragraph\">Respecto a la instrucci\u00f3n anterior, el ministro explic\u00f3 que es \u201cpara efecto de requerir directamente los antecedentes y&nbsp;<strong>evitar cualquier intermediaci\u00f3n que lleve a equ\u00edvocos respecto a la informaci\u00f3n que se pudo haber proporcionado<\/strong>&nbsp;en este tiempo intermedio\u201d.<\/p>\n\n\n\n<h2 class=\"wp-block-heading\">\u00ab<strong>No son casos que uno debiera asimilar\u00bb<\/strong><\/h2>\n\n\n\n<p class=\"wp-block-paragraph\">Por otro lado, la autoridad se refiri\u00f3 al caso que se suma a la&nbsp;<a href=\"https:\/\/www.meganoticias.cl\/nacional\/446191-muere-soldado-conscripto-regimiento-de-huamachuco-ejercito-de-chile-putre-fds01-28-04-2024.html\" target=\"_blank\" rel=\"noreferrer noopener\">muerte del conscripto del Ej\u00e9rcito Franco Vargas en Putre<\/a>.<\/p>\n\n\n\n<p class=\"wp-block-paragraph\">\u201c<strong>Yo creo que por ahora no son casos que uno debiera asimilar<\/strong>. Creo que hay que tener cuidado con asimilar situaci\u00f3n en general de instrucci\u00f3n f\u00edsica en las distintas instituciones armadas. Por ahora,&nbsp;<strong>mantendr\u00eda la diligencia de levantar la informaci\u00f3n adecuada para efectos de formarnos una opini\u00f3n<\/strong>&nbsp;y las decisiones que se tienen que tomar al respecto\u201d, subray\u00f3.<\/p>\n\n\n\n<p class=\"wp-block-paragraph\">Por \u00faltimo, el ministro Cordero lament\u00f3 lo sucedido y&nbsp;<strong>envi\u00f3 sus condolencias a la familia de la joven aspirante a gendarme fallecida<\/strong>.<\/p>\n","protected":false},"excerpt":{"rendered":"<p>El ministro&nbsp;de Justicia y Derechos Humanos,&nbsp;Luis Cordero, abord\u00f3 este lunes el caso de la&nbsp;aspirante a gendarme que muri\u00f3 de neumon\u00eda&nbsp;el domingo, luego de ser, supuestamente, obligada a trotar enferma y durante la madrugada, seg\u00fan denuncia su familia. Sobre este tema,&#8230;<\/p>\n","protected":false},"author":1,"featured_media":440,"comment_status":"open","ping_status":"open","sticky":false,"template":"","format":"standard","meta":{"footnotes":""},"categories":[1],"tags":[],"class_list":["post-439","post","type-post","status-publish","format-standard","has-post-thumbnail","hentry","category-noticias"],"_links":{"self":[{"href":"https:\/\/www.manantialradio.cl\/web\/wp-json\/wp\/v2\/posts\/439","targetHints":{"allow":["GET"]}}],"collection":[{"href":"https:\/\/www.manantialradio.cl\/web\/wp-json\/wp\/v2\/posts"}],"about":[{"href":"https:\/\/www.manantialradio.cl\/web\/wp-json\/wp\/v2\/types\/post"}],"author":[{"embeddable":true,"href":"https:\/\/www.manantialradio.cl\/web\/wp-json\/wp\/v2\/users\/1"}],"replies":[{"embeddable":true,"href":"https:\/\/www.manantialradio.cl\/web\/wp-json\/wp\/v2\/comments?post=439"}],"version-history":[{"count":1,"href":"https:\/\/www.manantialradio.cl\/web\/wp-json\/wp\/v2\/posts\/439\/revisions"}],"predecessor-version":[{"id":441,"href":"https:\/\/www.manantialradio.cl\/web\/wp-json\/wp\/v2\/posts\/439\/revisions\/441"}],"wp:featuredmedia":[{"embeddable":true,"href":"https:\/\/www.manantialradio.cl\/web\/wp-json\/wp\/v2\/media\/440"}],"wp:attachment":[{"href":"https:\/\/www.manantialradio.cl\/web\/wp-json\/wp\/v2\/media?parent=439"}],"wp:term":[{"taxonomy":"category","embeddable":true,"href":"https:\/\/www.manantialradio.cl\/web\/wp-json\/wp\/v2\/categories?post=439"},{"taxonomy":"post_tag","embeddable":true,"href":"https:\/\/www.manantialradio.cl\/web\/wp-json\/wp\/v2\/tags?post=439"}],"curies":[{"name":"wp","href":"https:\/\/api.w.org\/{rel}","templated":true}]}}