{"id":550,"date":"2024-05-25T20:16:49","date_gmt":"2024-05-25T20:16:49","guid":{"rendered":"https:\/\/www.manantialradio.cl\/web\/?p=550"},"modified":"2024-05-25T20:16:49","modified_gmt":"2024-05-25T20:16:49","slug":"llegamos-a-la-meta-familia-de-tomas-ross-logra-reunir-millonario-monto-para-tratamiento-medico","status":"publish","type":"post","link":"https:\/\/www.manantialradio.cl\/web\/2024\/05\/25\/llegamos-a-la-meta-familia-de-tomas-ross-logra-reunir-millonario-monto-para-tratamiento-medico\/","title":{"rendered":"\u00ab\u00a1Llegamos a la meta!\u00bb: familia de Tom\u00e1s Ross logra reunir millonario monto para tratamiento m\u00e9dico"},"content":{"rendered":"\n<p class=\"wp-block-paragraph\">Durante la ma\u00f1ana de este s\u00e1bado, la familia del peque\u00f1o Tom\u00e1s Ross de cinco a\u00f1os, quien padece distrofia Muscular de Duchenne, logr\u00f3 reunir los $3.500 millones para su tratamiento m\u00e9dico.<\/p>\n\n\n\n<p class=\"wp-block-paragraph\">Esto fue informado a trav\u00e9s de la cuenta de Instagram @tomascontraduchenne, donde se publicaban los avances y recaudaciones en esta campa\u00f1a.<\/p>\n\n\n\n<p class=\"wp-block-paragraph\">\u201cGracias a todos ustedes logramos algo que parec\u00eda imposible\u00a0\u201d, se lee al inicio del post.<\/p>\n","protected":false},"excerpt":{"rendered":"<p>Durante la ma\u00f1ana de este s\u00e1bado, la familia del peque\u00f1o Tom\u00e1s Ross de cinco a\u00f1os, quien padece distrofia Muscular de Duchenne, logr\u00f3 reunir los $3.500 millones para su tratamiento m\u00e9dico. Esto fue informado a trav\u00e9s de la cuenta de Instagram&#8230;<\/p>\n","protected":false},"author":1,"featured_media":551,"comment_status":"open","ping_status":"open","sticky":false,"template":"","format":"standard","meta":{"footnotes":""},"categories":[1],"tags":[],"class_list":["post-550","post","type-post","status-publish","format-standard","has-post-thumbnail","hentry","category-noticias"],"_links":{"self":[{"href":"https:\/\/www.manantialradio.cl\/web\/wp-json\/wp\/v2\/posts\/550","targetHints":{"allow":["GET"]}}],"collection":[{"href":"https:\/\/www.manantialradio.cl\/web\/wp-json\/wp\/v2\/posts"}],"about":[{"href":"https:\/\/www.manantialradio.cl\/web\/wp-json\/wp\/v2\/types\/post"}],"author":[{"embeddable":true,"href":"https:\/\/www.manantialradio.cl\/web\/wp-json\/wp\/v2\/users\/1"}],"replies":[{"embeddable":true,"href":"https:\/\/www.manantialradio.cl\/web\/wp-json\/wp\/v2\/comments?post=550"}],"version-history":[{"count":1,"href":"https:\/\/www.manantialradio.cl\/web\/wp-json\/wp\/v2\/posts\/550\/revisions"}],"predecessor-version":[{"id":552,"href":"https:\/\/www.manantialradio.cl\/web\/wp-json\/wp\/v2\/posts\/550\/revisions\/552"}],"wp:featuredmedia":[{"embeddable":true,"href":"https:\/\/www.manantialradio.cl\/web\/wp-json\/wp\/v2\/media\/551"}],"wp:attachment":[{"href":"https:\/\/www.manantialradio.cl\/web\/wp-json\/wp\/v2\/media?parent=550"}],"wp:term":[{"taxonomy":"category","embeddable":true,"href":"https:\/\/www.manantialradio.cl\/web\/wp-json\/wp\/v2\/categories?post=550"},{"taxonomy":"post_tag","embeddable":true,"href":"https:\/\/www.manantialradio.cl\/web\/wp-json\/wp\/v2\/tags?post=550"}],"curies":[{"name":"wp","href":"https:\/\/api.w.org\/{rel}","templated":true}]}}