{"id":611,"date":"2024-05-31T12:34:18","date_gmt":"2024-05-31T12:34:18","guid":{"rendered":"https:\/\/www.manantialradio.cl\/web\/?p=611"},"modified":"2024-05-31T12:34:18","modified_gmt":"2024-05-31T12:34:18","slug":"martin-vargas-se-mantiene-hospitalizado-en-la-ex-posta-central-tras-ser-atropellado","status":"publish","type":"post","link":"https:\/\/www.manantialradio.cl\/web\/2024\/05\/31\/martin-vargas-se-mantiene-hospitalizado-en-la-ex-posta-central-tras-ser-atropellado\/","title":{"rendered":"Mart\u00edn Vargas se mantiene hospitalizado en la ex Posta Central tras ser atropellado"},"content":{"rendered":"\n<p>En el&nbsp;Hospital de Urgencia Asistencia P\u00fablica, m\u00e1s conocida como&nbsp;la&nbsp;<strong>ex Posta Central<\/strong>&nbsp;de la&nbsp;<a href=\"https:\/\/www.meganoticias.cl\/temas\/region-metropolitana\/\" target=\"_blank\" rel=\"noreferrer noopener\">Regi\u00f3n Metropolitana<\/a>, se encuentra internado y en observaci\u00f3n el&nbsp;<a href=\"https:\/\/www.meganoticias.cl\/nacional\/448863-martin-vargas-atropellado-motocicleta-casa-maipu-hospitalizado-brk-30-05-2024.html\" target=\"_blank\" rel=\"noreferrer noopener\">exboxeador Mart\u00edn Vargas<\/a>, tras ser&nbsp;<strong>atropellado<\/strong>&nbsp;este jueves en la comuna de Maip\u00fa por un motociclista.<\/p>\n\n\n\n<p>El&nbsp;<strong>teniente An\u00edbal Bas\u00e1ez<\/strong>, oficial de ronda de la Prefectura Rinconada, indic\u00f3 que en&nbsp;primera instancia el expugilista debi\u00f3 ser atendido en el&nbsp;<strong>Hospital El Carmen<\/strong>, pero debido a la gravedad de sus heridas fue trasladado.<\/p>\n\n\n\n<h2 class=\"wp-block-heading\">\u00bfC\u00f3mo se produjo el atropello de Mart\u00edn Vargas?<\/h2>\n\n\n\n<p>El atropello ocurri\u00f3 alrededor de las 14:30 horas en la intersecci\u00f3n de Esquina Blanca con Caprilas, en cercan\u00edas del domicilio de Vargas, de&nbsp;<strong>69 a\u00f1os<\/strong>, cuando&nbsp;<strong>cruzaba la calle<\/strong>.<\/p>\n\n\n\n<figure class=\"wp-block-image\"><img decoding=\"async\" src=\"https:\/\/images2-mega.cdn.mdstrm.com\/meganoticias\/2024\/05\/31\/448876_1_6659ae852ef1a.jpg\" alt=\"\"\/><\/figure>\n\n\n\n<p>De acuerdo a lo se\u00f1alado por testigos, sufri\u00f3 una<strong>\u00a0herida en la cabeza<\/strong>\u00a0tras impactar en el pavimento, adem\u00e1s de una<strong>\u00a0lesi\u00f3n en el t\u00f3rax<\/strong>\u00a0por el golpe de la motocicleta.<\/p>\n\n\n\n<h2 class=\"wp-block-heading\">El exboxeador se encuentra fuera de riesgo vital<\/h2>\n\n\n\n<p>La familia del exboxeador inform\u00f3 que se encuentra fuera de riesgo vital. En ese sentido, se encontrar\u00eda en la UTI de la ex Posta Central debido a un&nbsp;<strong>politraumatismo<\/strong>.<\/p>\n\n\n\n<p>En conversaci\u00f3n con Radio ADN este jueves, sus cercanos confirmaron que \u00ablo atropell\u00f3 una moto,&nbsp;<strong>un golpe m\u00e1s o menos fuerte<\/strong>.&nbsp;Le van a hacer una resonancia para ver si estaba con costilla o algo da\u00f1ado\u00bb.&nbsp;<\/p>\n\n\n\n<p>\u00ab<strong>Estaba muy desorientado<\/strong>, no se acordaba que lo hab\u00edan atropellado&nbsp;y lo que le hab\u00eda pasado, pero est\u00e1 fuera de riesgo vital y ahora lo est\u00e1n examinando para ver si tiene algo m\u00e1s o si pueden darlo de alta\u00bb, agregaron.<\/p>\n\n\n\n<h2 class=\"wp-block-heading\">Motociclista tambi\u00e9n est\u00e1 hospitalizado<\/h2>\n\n\n\n<p>El motociclista tambi\u00e9n result\u00f3 lesionado de consideraci\u00f3n, debido al golpe que sufri\u00f3 al caer de su veh\u00edculo, por lo cual fue hospitalizado.<\/p>\n\n\n\n<p><\/p>\n\n\n\n<p>Mart\u00edn Vargas, oriundo de Osorno,&nbsp;<a href=\"https:\/\/www.meganoticias.cl\/temas\/region-de-los-lagos\/\" target=\"_blank\" rel=\"noreferrer noopener\">regi\u00f3n de Los Lagos<\/a>, disput\u00f3 cuatro veces el t\u00edtulo mundial del peso mosca y termin\u00f3 su carrera con un registro de&nbsp;<strong>91 victorias, 15 derrotas y 3 empates<\/strong>.<\/p>\n","protected":false},"excerpt":{"rendered":"<p>En el&nbsp;Hospital de Urgencia Asistencia P\u00fablica, m\u00e1s conocida como&nbsp;la&nbsp;ex Posta Central&nbsp;de la&nbsp;Regi\u00f3n Metropolitana, se encuentra internado y en observaci\u00f3n el&nbsp;exboxeador Mart\u00edn Vargas, tras ser&nbsp;atropellado&nbsp;este jueves en la comuna de Maip\u00fa por un motociclista. El&nbsp;teniente An\u00edbal Bas\u00e1ez, oficial de ronda de&#8230;<\/p>\n","protected":false},"author":1,"featured_media":612,"comment_status":"open","ping_status":"open","sticky":false,"template":"","format":"standard","meta":{"footnotes":""},"categories":[1],"tags":[],"class_list":["post-611","post","type-post","status-publish","format-standard","has-post-thumbnail","hentry","category-noticias"],"_links":{"self":[{"href":"https:\/\/www.manantialradio.cl\/web\/wp-json\/wp\/v2\/posts\/611","targetHints":{"allow":["GET"]}}],"collection":[{"href":"https:\/\/www.manantialradio.cl\/web\/wp-json\/wp\/v2\/posts"}],"about":[{"href":"https:\/\/www.manantialradio.cl\/web\/wp-json\/wp\/v2\/types\/post"}],"author":[{"embeddable":true,"href":"https:\/\/www.manantialradio.cl\/web\/wp-json\/wp\/v2\/users\/1"}],"replies":[{"embeddable":true,"href":"https:\/\/www.manantialradio.cl\/web\/wp-json\/wp\/v2\/comments?post=611"}],"version-history":[{"count":1,"href":"https:\/\/www.manantialradio.cl\/web\/wp-json\/wp\/v2\/posts\/611\/revisions"}],"predecessor-version":[{"id":613,"href":"https:\/\/www.manantialradio.cl\/web\/wp-json\/wp\/v2\/posts\/611\/revisions\/613"}],"wp:featuredmedia":[{"embeddable":true,"href":"https:\/\/www.manantialradio.cl\/web\/wp-json\/wp\/v2\/media\/612"}],"wp:attachment":[{"href":"https:\/\/www.manantialradio.cl\/web\/wp-json\/wp\/v2\/media?parent=611"}],"wp:term":[{"taxonomy":"category","embeddable":true,"href":"https:\/\/www.manantialradio.cl\/web\/wp-json\/wp\/v2\/categories?post=611"},{"taxonomy":"post_tag","embeddable":true,"href":"https:\/\/www.manantialradio.cl\/web\/wp-json\/wp\/v2\/tags?post=611"}],"curies":[{"name":"wp","href":"https:\/\/api.w.org\/{rel}","templated":true}]}}