{"id":623,"date":"2024-06-01T16:50:38","date_gmt":"2024-06-01T16:50:38","guid":{"rendered":"https:\/\/www.manantialradio.cl\/web\/?p=623"},"modified":"2024-06-01T16:50:38","modified_gmt":"2024-06-01T16:50:38","slug":"cuenta-publica-2024-boric-anunciara-el-ingreso-de-proyecto-con-un-nuevo-sistema-que-reemplazara-al-cae","status":"publish","type":"post","link":"https:\/\/www.manantialradio.cl\/web\/2024\/06\/01\/cuenta-publica-2024-boric-anunciara-el-ingreso-de-proyecto-con-un-nuevo-sistema-que-reemplazara-al-cae\/","title":{"rendered":"Cuenta P\u00fablica 2024: Boric anunciar\u00e1 el ingreso de proyecto con un nuevo sistema que reemplazar\u00e1 al CAE"},"content":{"rendered":"\n<p class=\"wp-block-paragraph\">Luego que durante la semana se especulara desde diversos sectores sobre si el&nbsp;<a href=\"https:\/\/www.meganoticias.cl\/temas\/gabriel-boric\/\" target=\"_blank\" rel=\"noreferrer noopener\">Presidente Gabriel Boric<\/a>&nbsp;se referir\u00eda o no a la eventual condonaci\u00f3n del CAE en la&nbsp;<a href=\"https:\/\/www.meganoticias.cl\/temas\/cuenta-publica\/\" target=\"_blank\" rel=\"noreferrer noopener\">Cuenta P\u00fablica 2024<\/a>, se dio a conocer que el Ejecutivo impulsar\u00e1 un proyecto de ley en torno al financiamiento estudiantil.<\/p>\n\n\n\n<p class=\"wp-block-paragraph\">Dentro de las 61 propuestas del Presidente, se contempla el ingreso de un proyecto que contiene un nuevo sistema de financiamiento, pero sin mencionar qu\u00e9 pasar\u00e1 con los&nbsp;<strong>deudores del CAE<\/strong>.<\/p>\n\n\n\n<p class=\"wp-block-paragraph\"><\/p>\n\n\n\n<h2 class=\"wp-block-heading\">\u00bfQu\u00e9 se sabe del proyecto que presentar\u00e1 el Gobierno para reemplazar al CAE?<\/h2>\n\n\n\n<p class=\"wp-block-paragraph\">\u00abIngresaremos al Congreso un proyecto de ley con un nuevo sistema p\u00fablico de financiamiento que reemplazar\u00e1 al Cr\u00e9dito con Aval del Estado y el Fondo Solidario\u00bb, indic\u00f3 el Gobierno en&nbsp;<a href=\"https:\/\/www.gob.cl\/cuentapublica2024\/\" target=\"_blank\" rel=\"noreferrer noopener\">su p\u00e1gina web<\/a>&nbsp;sobre la Cuenta P\u00fablica.<\/p>\n\n\n\n<figure class=\"wp-block-image\"><img decoding=\"async\" src=\"https:\/\/images2-mega.cdn.mdstrm.com\/meganoticias\/2024\/06\/01\/_448990_2_665b4ae94b6d8.jpg\" alt=\"\"\/><\/figure>\n\n\n\n<p class=\"wp-block-paragraph\">Hasta ahora no se han entregado mayores detalles sobre la iniciativa que impulsar\u00e1 el Ejecutivo.<\/p>\n\n\n\n<p class=\"wp-block-paragraph\">Cabe recordar que en el \u00faltimo tiempo ha estado en discusi\u00f3n la promesa realizada por el Mandatario durante su periodo de campa\u00f1a presidencial en torno a una \u00ab<a href=\"https:\/\/www.meganoticias.cl\/nacional\/448109-condonacion-del-cae-proyecto-gobierno-deuda-estudiantes-brk-22-5-2024.html\" target=\"_blank\" rel=\"noreferrer noopener\">condonaci\u00f3n del CAE<\/a>\u00ab, sobre la cual se han referido distintos secretarios de Estado.<\/p>\n\n\n\n<p class=\"wp-block-paragraph\">Por ejemplo, frente a un&nbsp;<a href=\"https:\/\/www.meganoticias.cl\/nacional\/448109-condonacion-del-cae-proyecto-gobierno-deuda-estudiantes-brk-22-5-2024.html\" target=\"_blank\" rel=\"noreferrer noopener\">posible proyecto enfocado en esta tem\u00e1tica<\/a>, el pasado 22 de mayo, la ministra de Interior,&nbsp;<a href=\"https:\/\/www.meganoticias.cl\/nacional\/447918-minstra-carolina-toha-condonacion-cae-propuesta-seria-responsable-justa-fds01-19-05-2024.html\" target=\"_blank\" rel=\"noreferrer noopener\">Carolina Toh\u00e1,<\/a>&nbsp;en di\u00e1logo con Radio Universo adelant\u00f3 que \u00abest\u00e1 descartado que (la deuda universitaria) se financie con el pacto fiscal.&nbsp;<strong>Va a tener su propio mecanismo de financiamiento\u00bb<\/strong>.<\/p>\n\n\n\n<p class=\"wp-block-paragraph\"><strong>\u00abVa a ser una soluci\u00f3n responsable a un problema que existe<\/strong>&nbsp;y que tiene que ver con que el pago de estas deudas estudiantiles no ha funcionado de la manera que ten\u00eda prevista esta legislaci\u00f3n\u00bb, agreg\u00f3 en aquel entonces.<\/p>\n\n\n\n<p class=\"wp-block-paragraph\">Consultada sobre si se podr\u00eda hablar en el futuro de una condonaci\u00f3n universal, remarc\u00f3 que este proyecto ser\u00e1 \u00abuna soluci\u00f3n que se va a hacer de manera responsable y justa.<strong>&nbsp;No va a tener las caracter\u00edsticas de borr\u00f3n y cuenta nueva\u00bb.<\/strong><\/p>\n\n\n\n<p class=\"wp-block-paragraph\">La autoridad enfatiz\u00f3 en que \u00abya estamos ocupando otro t\u00e9rmino para referirnos\u00bb y describi\u00f3 la iniciativa como&nbsp;<strong>\u00abuna soluci\u00f3n al problema del CAE\u00bb.<\/strong><\/p>\n","protected":false},"excerpt":{"rendered":"<p>Luego que durante la semana se especulara desde diversos sectores sobre si el&nbsp;Presidente Gabriel Boric&nbsp;se referir\u00eda o no a la eventual condonaci\u00f3n del CAE en la&nbsp;Cuenta P\u00fablica 2024, se dio a conocer que el Ejecutivo impulsar\u00e1 un proyecto de ley&#8230;<\/p>\n","protected":false},"author":1,"featured_media":624,"comment_status":"open","ping_status":"open","sticky":false,"template":"","format":"standard","meta":{"footnotes":""},"categories":[1],"tags":[],"class_list":["post-623","post","type-post","status-publish","format-standard","has-post-thumbnail","hentry","category-noticias"],"_links":{"self":[{"href":"https:\/\/www.manantialradio.cl\/web\/wp-json\/wp\/v2\/posts\/623","targetHints":{"allow":["GET"]}}],"collection":[{"href":"https:\/\/www.manantialradio.cl\/web\/wp-json\/wp\/v2\/posts"}],"about":[{"href":"https:\/\/www.manantialradio.cl\/web\/wp-json\/wp\/v2\/types\/post"}],"author":[{"embeddable":true,"href":"https:\/\/www.manantialradio.cl\/web\/wp-json\/wp\/v2\/users\/1"}],"replies":[{"embeddable":true,"href":"https:\/\/www.manantialradio.cl\/web\/wp-json\/wp\/v2\/comments?post=623"}],"version-history":[{"count":1,"href":"https:\/\/www.manantialradio.cl\/web\/wp-json\/wp\/v2\/posts\/623\/revisions"}],"predecessor-version":[{"id":625,"href":"https:\/\/www.manantialradio.cl\/web\/wp-json\/wp\/v2\/posts\/623\/revisions\/625"}],"wp:featuredmedia":[{"embeddable":true,"href":"https:\/\/www.manantialradio.cl\/web\/wp-json\/wp\/v2\/media\/624"}],"wp:attachment":[{"href":"https:\/\/www.manantialradio.cl\/web\/wp-json\/wp\/v2\/media?parent=623"}],"wp:term":[{"taxonomy":"category","embeddable":true,"href":"https:\/\/www.manantialradio.cl\/web\/wp-json\/wp\/v2\/categories?post=623"},{"taxonomy":"post_tag","embeddable":true,"href":"https:\/\/www.manantialradio.cl\/web\/wp-json\/wp\/v2\/tags?post=623"}],"curies":[{"name":"wp","href":"https:\/\/api.w.org\/{rel}","templated":true}]}}