{"id":670,"date":"2024-06-05T15:11:32","date_gmt":"2024-06-05T15:11:32","guid":{"rendered":"https:\/\/www.manantialradio.cl\/web\/?p=670"},"modified":"2024-06-05T15:11:32","modified_gmt":"2024-06-05T15:11:32","slug":"registro-civil-presenta-nuevo-carnet-de-identidad-asi-sera-el-documento-que-tambien-podra-estar-disponible-en-digital","status":"publish","type":"post","link":"https:\/\/www.manantialradio.cl\/web\/2024\/06\/05\/registro-civil-presenta-nuevo-carnet-de-identidad-asi-sera-el-documento-que-tambien-podra-estar-disponible-en-digital\/","title":{"rendered":"Registro Civil presenta nuevo carnet de identidad: As\u00ed ser\u00e1 el documento que tambi\u00e9n podr\u00e1 estar disponible en digital"},"content":{"rendered":"\n<p>El&nbsp;<a href=\"https:\/\/www.meganoticias.cl\/temas\/registro-civil\/\" target=\"_blank\" rel=\"noreferrer noopener\">Registro Civil<\/a>&nbsp;anunci\u00f3 que a contar de este a\u00f1o implementar\u00e1 el nuevo carnet de identidad y pasaporte digital.<\/p>\n\n\n\n<p>Este avance tecnol\u00f3gico permitir\u00e1 que las personas puedan contar con su documento de identidad directamente en su tel\u00e9fono celular, adem\u00e1s de tenerlo en formato f\u00edsico, facilitando as\u00ed la realizaci\u00f3n de decenas de tr\u00e1mites.<\/p>\n\n\n\n<p><\/p>\n\n\n\n<p>Uno de los cuestionamientos que puede surgir en tono a esta implementaci\u00f3n dice relaci\u00f3n con la seguridad, sin embargo,&nbsp;tanto el pasaporte como la c\u00e9dula de identidad digital contar\u00e1n con importantes elementos de seguridad que har\u00e1n imposible su clonaci\u00f3n y el uso de parte de terceros.&nbsp;<\/p>\n\n\n\n<h2 class=\"wp-block-heading\">As\u00ed ser\u00e1 el nuevo carnet de identidad digital<\/h2>\n\n\n\n<p>El periodista de Planeta Futuro de Mega,&nbsp;<strong>Daniel Silva<\/strong>, lleg\u00f3 hasta Par\u00eds, Francia, y estuvo en la empresa encargada de fabricar el nuevo carnet de identidad digital chileno, el que ser\u00e1 uno de los m\u00e1s poderosos y seguros del mundo.<\/p>\n\n\n\n<p><\/p>\n\n\n\n<p>El nuevo carnet de identidad estar\u00e1 disponible desde&nbsp;<strong>diciembre de 2024<\/strong>&nbsp;y cuando la persona acuda al Registro Civil para renovar su carnet se le dar\u00e1 la opci\u00f3n de obtener su carnet digital, el cual podr\u00e1 tener en su tel\u00e9fono m\u00f3vil.<\/p>\n\n\n\n<h2 class=\"wp-block-heading\">Disponible en aplicaci\u00f3n<\/h2>\n\n\n\n<p>La c\u00e9dula digital estar\u00e1 disponible en la aplicaci\u00f3n \u00abIdentidad Digital\u00bb que crear\u00e1 el Registro civil, la cual se podr\u00e1 descargar en tel\u00e9fonos con sistema operativo iOS o Android.<\/p>\n\n\n\n<p>El carnet digital ser\u00e1 similar a la c\u00e9dula actual. En la parte delantera aparecer\u00e1 el nombre, RUT, firma, n\u00famero de documento y fecha de nacimiento y expiraci\u00f3n del documento. La foto, tambi\u00e9n estar\u00e1; sin embargo,&nbsp;<strong>ser\u00e1 una imagen m\u00f3vil y no est\u00e1tica como la del carnet f\u00edsico<\/strong>.<\/p>\n\n\n\n<figure class=\"wp-block-image\"><img decoding=\"async\" src=\"https:\/\/images2-mega.cdn.mdstrm.com\/meganoticias\/2024\/06\/05\/449243_4_66606d3cb66a0.jpg\" alt=\"Nuevo carnet de identidad digital\"\/><figcaption class=\"wp-element-caption\">Nuevo carnet de identidad digital<\/figcaption><\/figure>\n\n\n\n<p>En la parte trasera de la c\u00e9dula digital se encontrar\u00e1 el lugar de nacimiento de la persona, su profesi\u00f3n, el c\u00f3digo QR y un chip con contacto y sin contacto.<\/p>\n\n\n\n<p>Respecto a sus usos, no ser\u00e1 un reemplazo a la c\u00e9dula f\u00edsica, sino que un complemento, y se podr\u00e1 utilizar en tr\u00e1mites tale como controles de identidad, acceso a estadios, compra de medicamentos por Internet, telemedicina y m\u00e1s. El documento, adem\u00e1s, tendr\u00e1 conexi\u00f3n directa con la&nbsp;<a href=\"https:\/\/www.meganoticias.cl\/temas\/clave-unica\/\" target=\"_blank\" rel=\"noreferrer noopener\">Clave \u00danica<\/a>.<\/p>\n\n\n\n<p>Para verificar si la c\u00e9dula es real o no, en la aplicaci\u00f3n se&nbsp;puede generar un holograma del Registro Civil para comprobar la veracidad del documento.&nbsp;<\/p>\n\n\n\n<h2 class=\"wp-block-heading\">\u00bfSer\u00e1 obligatorio tener la c\u00e9dula de identidad digital?<\/h2>\n\n\n\n<p>Obtener la c\u00e9dula de identidad digital s<strong>er\u00e1 una decisi\u00f3n voluntaria de cada persona.<\/strong><\/p>\n\n\n\n<p>A contar de diciembre, cuando se acuda al Registro Civil&nbsp;para imprimir la nueva c\u00e9dula de identidad, se dar\u00e1 la opci\u00f3n de acceder a la c\u00e9dula digital.<\/p>\n\n\n\n<p>All\u00ed la persona recibir\u00e1 un c\u00f3digo con el que podr\u00e1 descargar la aplicaci\u00f3n.<\/p>\n\n\n\n<p><\/p>\n\n\n\n<p>En caso de que el usuario pierda su tel\u00e9fono, un tercero no podr\u00e1 acceder a su c\u00e9dula de identidad, ya que esta tendr\u00e1&nbsp;diferentes niveles de acceso como patrones, fotograf\u00edas, el uso de la c\u00e1mara y tecnolog\u00eda de detecci\u00f3n de vida que hacen imposible que otra persona pueda utilizar tu c\u00e9dula de identidad digital.<\/p>\n","protected":false},"excerpt":{"rendered":"<p>El&nbsp;Registro Civil&nbsp;anunci\u00f3 que a contar de este a\u00f1o implementar\u00e1 el nuevo carnet de identidad y pasaporte digital. Este avance tecnol\u00f3gico permitir\u00e1 que las personas puedan contar con su documento de identidad directamente en su tel\u00e9fono celular, adem\u00e1s de tenerlo en&#8230;<\/p>\n","protected":false},"author":1,"featured_media":671,"comment_status":"open","ping_status":"open","sticky":false,"template":"","format":"standard","meta":{"footnotes":""},"categories":[1],"tags":[],"class_list":["post-670","post","type-post","status-publish","format-standard","has-post-thumbnail","hentry","category-noticias"],"_links":{"self":[{"href":"https:\/\/www.manantialradio.cl\/web\/wp-json\/wp\/v2\/posts\/670","targetHints":{"allow":["GET"]}}],"collection":[{"href":"https:\/\/www.manantialradio.cl\/web\/wp-json\/wp\/v2\/posts"}],"about":[{"href":"https:\/\/www.manantialradio.cl\/web\/wp-json\/wp\/v2\/types\/post"}],"author":[{"embeddable":true,"href":"https:\/\/www.manantialradio.cl\/web\/wp-json\/wp\/v2\/users\/1"}],"replies":[{"embeddable":true,"href":"https:\/\/www.manantialradio.cl\/web\/wp-json\/wp\/v2\/comments?post=670"}],"version-history":[{"count":1,"href":"https:\/\/www.manantialradio.cl\/web\/wp-json\/wp\/v2\/posts\/670\/revisions"}],"predecessor-version":[{"id":672,"href":"https:\/\/www.manantialradio.cl\/web\/wp-json\/wp\/v2\/posts\/670\/revisions\/672"}],"wp:featuredmedia":[{"embeddable":true,"href":"https:\/\/www.manantialradio.cl\/web\/wp-json\/wp\/v2\/media\/671"}],"wp:attachment":[{"href":"https:\/\/www.manantialradio.cl\/web\/wp-json\/wp\/v2\/media?parent=670"}],"wp:term":[{"taxonomy":"category","embeddable":true,"href":"https:\/\/www.manantialradio.cl\/web\/wp-json\/wp\/v2\/categories?post=670"},{"taxonomy":"post_tag","embeddable":true,"href":"https:\/\/www.manantialradio.cl\/web\/wp-json\/wp\/v2\/tags?post=670"}],"curies":[{"name":"wp","href":"https:\/\/api.w.org\/{rel}","templated":true}]}}