{"id":69,"date":"2024-03-28T13:43:33","date_gmt":"2024-03-28T13:43:33","guid":{"rendered":"https:\/\/www.manantialradio.cl\/web\/?p=69"},"modified":"2024-03-28T13:45:11","modified_gmt":"2024-03-28T13:45:11","slug":"pronostican-ola-de-calor-nocturna-en-santiago-revisa-hasta-cuando-se-podria-extender-el-fenomeno","status":"publish","type":"post","link":"https:\/\/www.manantialradio.cl\/web\/2024\/03\/28\/pronostican-ola-de-calor-nocturna-en-santiago-revisa-hasta-cuando-se-podria-extender-el-fenomeno\/","title":{"rendered":"Pronostican ola de calor nocturna en Santiago: Revisa hasta cu\u00e1ndo se podr\u00eda extender el fen\u00f3meno"},"content":{"rendered":"\n<p class=\"wp-block-paragraph\">Durante los \u00faltimos d\u00edas las&nbsp;<strong>temperaturas m\u00e1ximas<\/strong>&nbsp;han estado sobre los 30\u00b0C en&nbsp;<a href=\"https:\/\/www.meganoticias.cl\/temas\/santiago\/\" target=\"_blank\" rel=\"noreferrer noopener\">Santiago<\/a>, situaci\u00f3n que se extender\u00e1 durante toda esta&nbsp;<a href=\"https:\/\/www.meganoticias.cl\/temas\/semana-santa\/\" target=\"_blank\" rel=\"noreferrer noopener\">Semana Santa<\/a>.<\/p>\n\n\n\n<p class=\"wp-block-paragraph\">Pero eso no es todo, ya que<strong>\u00a0las noches tambi\u00e9n est\u00e1n sien<\/strong><\/p>\n\n\n\n<p class=\"wp-block-paragraph\">Durante los \u00faltimos d\u00edas las temperaturas m\u00e1ximas han estado sobre los 30\u00b0C en Santiago, situaci\u00f3n que se extender\u00e1 durante toda esta Semana Santa.<\/p>\n\n\n\n<p class=\"wp-block-paragraph\">Pero eso no es todo, ya que las noches tambi\u00e9n est\u00e1n siendo calurosas, debido a que las temperaturas m\u00ednimas tambi\u00e9n han sido altas, por lo que es probable que se registre una ola de calor nocturna en la Regi\u00f3n Metropolitana.<br>Advertising<\/p>\n\n\n\n<p class=\"wp-block-paragraph\">LO \u00daLTIMO<br>Ola de calor nocturna en Santiago<br>\u00abAc\u00e1 en la noche estamos casi por completar la ola de calor nocturna. El calor no es s\u00f3lo de d\u00eda, sino que tambi\u00e9n en la noche\u00bb, afirm\u00f3 el periodista especializado en meteorolog\u00eda de Meganoticias, Alejandro Sep\u00falveda.<\/p>\n\n\n\n<p class=\"wp-block-paragraph\">PUBLICIDAD<\/p>\n\n\n\n<p class=\"wp-block-paragraph\">Foto: Unsplash<\/p>\n\n\n\n<p class=\"wp-block-paragraph\">\u00abPara tener ola de calor nocturna en Santiago se necesitan m\u00ednimas de 13\u00b0C hacia arriba\u00bb, explic\u00f3, agregando que se debe registrar dicha temperatura durante \u00abtres d\u00edas por lo menos\u00bb.<\/p>\n\n\n\n<p class=\"wp-block-paragraph\">En ese sentido, expuso que \u00abayer (mi\u00e9rcoles) la m\u00ednima fue de 13,5\u00b0C, hoy (jueves) la m\u00ednima fue de 13,5\u00b0C y si ma\u00f1ana, tal como indica el pron\u00f3stico, llegamos a los 13 \u00b0C, tendremos ola de calor nocturna\u00bb.<\/p>\n\n\n\n<p class=\"wp-block-paragraph\">Al ser consultado sobre hasta cu\u00e1ndo durar\u00eda el fen\u00f3meno, Sep\u00falveda respondi\u00f3: \u00abhasta el fin de semana\u00bb.<\/p>\n\n\n\n<p class=\"wp-block-paragraph\"><strong>do calurosas<\/strong>, debido a que las temperaturas m\u00ednimas tambi\u00e9n han sido altas, por lo que es probable que se registre una ola de calor nocturna en la\u00a0<a href=\"https:\/\/www.meganoticias.cl\/temas\/region-metropolitana\/\" target=\"_blank\" rel=\"noreferrer noopener\">Regi\u00f3n Metropolitana<\/a>.<\/p>\n\n\n\n<p class=\"wp-block-paragraph\"><\/p>\n\n\n\n<h2 class=\"wp-block-heading\">Ola de calor nocturna en Santiago<\/h2>\n\n\n\n<p class=\"wp-block-paragraph\">\u00abAc\u00e1 en la noche<strong>&nbsp;estamos casi por completar la ola de calor nocturna<\/strong>. El calor no es s\u00f3lo de d\u00eda, sino que tambi\u00e9n en la noche\u00bb, afirm\u00f3 el periodista especializado en meteorolog\u00eda de Meganoticias, Alejandro Sep\u00falveda.<\/p>\n\n\n\n<p class=\"wp-block-paragraph\">PUBLICIDAD<\/p>\n\n\n\n<figure class=\"wp-block-image\"><img decoding=\"async\" src=\"https:\/\/images2-mega.cdn.mdstrm.com\/meganoticias\/2024\/03\/28\/_443583_1_6605583f1516e.jpg\" alt=\"\"\/><\/figure>\n\n\n\n<p class=\"wp-block-paragraph\">\u00abPara tener ola de calor nocturna en Santiago se necesitan m\u00ednimas de<strong>&nbsp;13\u00b0C hacia arriba<\/strong>\u00ab, explic\u00f3, agregando que se debe registrar dicha temperatura durante \u00abtres d\u00edas por lo menos\u00bb.<\/p>\n\n\n\n<p class=\"wp-block-paragraph\">En ese sentido, expuso que \u00abayer (mi\u00e9rcoles) la m\u00ednima fue de 13,5\u00b0C, hoy (jueves) la m\u00ednima fue de 13,5\u00b0C&nbsp; y si ma\u00f1ana, tal como indica el pron\u00f3stico, llegamos a los 13 \u00b0C,&nbsp;<strong>tendremos ola de calor nocturna<\/strong>\u00ab.<\/p>\n\n\n\n<p class=\"wp-block-paragraph\">Al ser consultado sobre hasta cu\u00e1ndo durar\u00eda el fen\u00f3meno, Sep\u00falveda respondi\u00f3: \u00ab<strong>hasta el fin de semana<\/strong>\u00ab.<\/p>\n","protected":false},"excerpt":{"rendered":"<p>Durante los \u00faltimos d\u00edas las&nbsp;temperaturas m\u00e1ximas&nbsp;han estado sobre los 30\u00b0C en&nbsp;Santiago, situaci\u00f3n que se extender\u00e1 durante toda esta&nbsp;Semana Santa. Pero eso no es todo, ya que\u00a0las noches tambi\u00e9n est\u00e1n sien Durante los \u00faltimos d\u00edas las temperaturas m\u00e1ximas han estado sobre&#8230;<\/p>\n","protected":false},"author":1,"featured_media":0,"comment_status":"open","ping_status":"open","sticky":false,"template":"","format":"standard","meta":{"footnotes":""},"categories":[1],"tags":[],"class_list":["post-69","post","type-post","status-publish","format-standard","hentry","category-noticias"],"_links":{"self":[{"href":"https:\/\/www.manantialradio.cl\/web\/wp-json\/wp\/v2\/posts\/69","targetHints":{"allow":["GET"]}}],"collection":[{"href":"https:\/\/www.manantialradio.cl\/web\/wp-json\/wp\/v2\/posts"}],"about":[{"href":"https:\/\/www.manantialradio.cl\/web\/wp-json\/wp\/v2\/types\/post"}],"author":[{"embeddable":true,"href":"https:\/\/www.manantialradio.cl\/web\/wp-json\/wp\/v2\/users\/1"}],"replies":[{"embeddable":true,"href":"https:\/\/www.manantialradio.cl\/web\/wp-json\/wp\/v2\/comments?post=69"}],"version-history":[{"count":3,"href":"https:\/\/www.manantialradio.cl\/web\/wp-json\/wp\/v2\/posts\/69\/revisions"}],"predecessor-version":[{"id":71,"href":"https:\/\/www.manantialradio.cl\/web\/wp-json\/wp\/v2\/posts\/69\/revisions\/71"}],"wp:attachment":[{"href":"https:\/\/www.manantialradio.cl\/web\/wp-json\/wp\/v2\/media?parent=69"}],"wp:term":[{"taxonomy":"category","embeddable":true,"href":"https:\/\/www.manantialradio.cl\/web\/wp-json\/wp\/v2\/categories?post=69"},{"taxonomy":"post_tag","embeddable":true,"href":"https:\/\/www.manantialradio.cl\/web\/wp-json\/wp\/v2\/tags?post=69"}],"curies":[{"name":"wp","href":"https:\/\/api.w.org\/{rel}","templated":true}]}}