{"id":694,"date":"2024-06-07T12:18:21","date_gmt":"2024-06-07T12:18:21","guid":{"rendered":"https:\/\/www.manantialradio.cl\/web\/?p=694"},"modified":"2024-06-07T12:18:21","modified_gmt":"2024-06-07T12:18:21","slug":"detienen-a-carabinero-por-disparos-injustificados-en-la-via-publica-en-cerrillos","status":"publish","type":"post","link":"https:\/\/www.manantialradio.cl\/web\/2024\/06\/07\/detienen-a-carabinero-por-disparos-injustificados-en-la-via-publica-en-cerrillos\/","title":{"rendered":"Detienen a carabinero por disparos injustificados en la v\u00eda p\u00fablica en Cerrillos"},"content":{"rendered":"\n<p>Un funcionario de&nbsp;<a href=\"https:\/\/www.meganoticias.cl\/temas\/carabineros\/\" target=\"_blank\" rel=\"noreferrer noopener\">Carabineros<\/a>&nbsp;<strong>fue detenido<\/strong><strong>&nbsp;<\/strong>la madrugada de este viernes luego de que se le acusara de&nbsp;<strong>realizar disparos injustificados<\/strong>&nbsp;en la v\u00eda p\u00fablica de&nbsp;la comuna de Cerrillos,<strong>&nbsp;<\/strong>en la<strong>&nbsp;<\/strong><a href=\"https:\/\/www.meganoticias.cl\/temas\/region-metropolitana\/\" target=\"_blank\" rel=\"noreferrer noopener\">Regi\u00f3n Metropolitana<\/a>.&nbsp;<\/p>\n\n\n\n<p>La orden de detenci\u00f3n fue emitida por la&nbsp;<strong>Fiscal\u00eda de Flagrancia Occidente<\/strong>, mientras que se estar\u00eda gestionando el arresto de un segundo uniformado de la instituci\u00f3n.&nbsp;<\/p>\n\n\n\n<p>El hecho fue denunciado por vecinos del&nbsp;sector de Buzeta con avenida Dos, luego que se presenciara a dos personas cerca de la subcomisar\u00eda de Cerrillos, y al menos una de ellas habr\u00eda utilizado un arma de fuego.<\/p>\n\n\n\n<p><strong>Noticia en desarrollo&#8230;<\/strong><\/p>\n\n\n\n<p><\/p>\n","protected":false},"excerpt":{"rendered":"<p>Un funcionario de&nbsp;Carabineros&nbsp;fue detenido&nbsp;la madrugada de este viernes luego de que se le acusara de&nbsp;realizar disparos injustificados&nbsp;en la v\u00eda p\u00fablica de&nbsp;la comuna de Cerrillos,&nbsp;en la&nbsp;Regi\u00f3n Metropolitana.&nbsp; La orden de detenci\u00f3n fue emitida por la&nbsp;Fiscal\u00eda de Flagrancia Occidente, mientras que se&#8230;<\/p>\n","protected":false},"author":1,"featured_media":695,"comment_status":"open","ping_status":"open","sticky":false,"template":"","format":"standard","meta":{"footnotes":""},"categories":[1],"tags":[],"class_list":["post-694","post","type-post","status-publish","format-standard","has-post-thumbnail","hentry","category-noticias"],"_links":{"self":[{"href":"https:\/\/www.manantialradio.cl\/web\/wp-json\/wp\/v2\/posts\/694","targetHints":{"allow":["GET"]}}],"collection":[{"href":"https:\/\/www.manantialradio.cl\/web\/wp-json\/wp\/v2\/posts"}],"about":[{"href":"https:\/\/www.manantialradio.cl\/web\/wp-json\/wp\/v2\/types\/post"}],"author":[{"embeddable":true,"href":"https:\/\/www.manantialradio.cl\/web\/wp-json\/wp\/v2\/users\/1"}],"replies":[{"embeddable":true,"href":"https:\/\/www.manantialradio.cl\/web\/wp-json\/wp\/v2\/comments?post=694"}],"version-history":[{"count":1,"href":"https:\/\/www.manantialradio.cl\/web\/wp-json\/wp\/v2\/posts\/694\/revisions"}],"predecessor-version":[{"id":696,"href":"https:\/\/www.manantialradio.cl\/web\/wp-json\/wp\/v2\/posts\/694\/revisions\/696"}],"wp:featuredmedia":[{"embeddable":true,"href":"https:\/\/www.manantialradio.cl\/web\/wp-json\/wp\/v2\/media\/695"}],"wp:attachment":[{"href":"https:\/\/www.manantialradio.cl\/web\/wp-json\/wp\/v2\/media?parent=694"}],"wp:term":[{"taxonomy":"category","embeddable":true,"href":"https:\/\/www.manantialradio.cl\/web\/wp-json\/wp\/v2\/categories?post=694"},{"taxonomy":"post_tag","embeddable":true,"href":"https:\/\/www.manantialradio.cl\/web\/wp-json\/wp\/v2\/tags?post=694"}],"curies":[{"name":"wp","href":"https:\/\/api.w.org\/{rel}","templated":true}]}}