{"id":713,"date":"2024-06-11T16:39:27","date_gmt":"2024-06-11T16:39:27","guid":{"rendered":"https:\/\/www.manantialradio.cl\/web\/?p=713"},"modified":"2024-06-11T16:39:27","modified_gmt":"2024-06-11T16:39:27","slug":"intensas-lluvias-en-la-zona-sur-del-pais-mas-de-300-personas-aisladas-y-557-viviendas-afectadas","status":"publish","type":"post","link":"https:\/\/www.manantialradio.cl\/web\/2024\/06\/11\/intensas-lluvias-en-la-zona-sur-del-pais-mas-de-300-personas-aisladas-y-557-viviendas-afectadas\/","title":{"rendered":"Intensas lluvias en la zona sur del pa\u00eds: M\u00e1s de 300 personas aisladas y 557 viviendas afectadas"},"content":{"rendered":"\n<p class=\"wp-block-paragraph\">El&nbsp;<strong>Servicio Nacional de Prevenci\u00f3n y Respuesta ante Desastres (<a href=\"https:\/\/www.meganoticias.cl\/temas\/senapred\/\">Senapred<\/a>)<\/strong>&nbsp;entreg\u00f3 la ma\u00f1ana de este martes un balance respecto al&nbsp;<a href=\"https:\/\/www.meganoticias.cl\/temas\/sistema-frontal\/\">sistema frontal<\/a>&nbsp;que se ha registrado en la zona sur del pa\u00eds, y que ha dejado intensas&nbsp;<a href=\"https:\/\/www.meganoticias.cl\/temas\/lluvias\/\">lluvias<\/a>.&nbsp;<\/p>\n\n\n\n<h2 class=\"wp-block-heading\">Regi\u00f3n del&nbsp;<a href=\"https:\/\/www.meganoticias.cl\/temas\/region-de-biobio\/\">Biob\u00edo<\/a>&nbsp;es la m\u00e1s afectada<\/h2>\n\n\n\n<p class=\"wp-block-paragraph\">Seg\u00fan inform\u00f3 el organismo, la regi\u00f3n del&nbsp;<a href=\"https:\/\/www.meganoticias.cl\/temas\/region-de-biobio\/\">Biob\u00edo<\/a>&nbsp;es la m\u00e1s afectada por las&nbsp;<a href=\"https:\/\/www.meganoticias.cl\/temas\/lluvias\/\">lluvias<\/a>, dejando a&nbsp;<strong>26 damnificados y 307 personas aisladas.&nbsp;<\/strong><\/p>\n\n\n\n<p class=\"wp-block-paragraph\"><\/p>\n\n\n\n<p class=\"wp-block-paragraph\">En cuanto a los da\u00f1os a viviendas,&nbsp;<strong>522 inmuebles<\/strong>&nbsp;se han visto perjudicados por las&nbsp;<a href=\"https:\/\/www.meganoticias.cl\/temas\/lluvias\/\">lluvias<\/a>&nbsp;en un gran menor, y cuatro han presentado da\u00f1os mayores.&nbsp;<\/p>\n\n\n\n<figure class=\"wp-block-image\"><img decoding=\"async\" src=\"https:\/\/images2-mega.cdn.mdstrm.com\/meganoticias\/2024\/06\/11\/_449840_4_6668448c947ca.jpg\" alt=\"\"\/><figcaption class=\"wp-element-caption\">Meganoticias<\/figcaption><\/figure>\n\n\n\n<p class=\"wp-block-paragraph\">En\u00a0<a href=\"https:\/\/www.meganoticias.cl\/temas\/region-de-la-araucania\/\">La Araucan\u00eda<\/a>, en tanto, 26 casas tienen da\u00f1o menor. En\u00a0<a href=\"https:\/\/www.meganoticias.cl\/temas\/region-de-los-rios\/\">Los R\u00edos<\/a>, dos con da\u00f1o menor y una con da\u00f1o mayor.\u00a0<\/p>\n\n\n\n<h2 class=\"wp-block-heading\">Dos comunas con Alerta Roja&nbsp;<\/h2>\n\n\n\n<p class=\"wp-block-paragraph\">Dos comunas del&nbsp;<a href=\"https:\/\/www.meganoticias.cl\/temas\/region-de-biobio\/\">Biob\u00edo<\/a>&nbsp;se encuentran bajo Alerta Roja por las&nbsp;<a href=\"https:\/\/www.meganoticias.cl\/temas\/lluvias\/\">lluvias<\/a>:&nbsp;<strong>Los \u00c1ngeles y Arauco<\/strong>. En este<strong>&nbsp;<\/strong>\u00faltimo se reportan inundaciones de calles y viviendas.&nbsp;<\/p>\n\n\n\n<p class=\"wp-block-paragraph\">M\u00e1s en detalle, tan solo Arauco hay&nbsp;<strong>357 casas con da\u00f1o menor<\/strong>&nbsp;por el desborde del r\u00edo Pichilo y&nbsp;<strong>45 viviendas con da\u00f1o menor&nbsp;<\/strong>en los sectores de Columo, Los Patos y Ramadillas.&nbsp;<\/p>\n\n\n\n<h2 class=\"wp-block-heading\">Suspensi\u00f3n de clases&nbsp;<\/h2>\n\n\n\n<p class=\"wp-block-paragraph\">Las lluvias han ocasionado que algunas comunas de las regiones del&nbsp;<a href=\"https:\/\/www.meganoticias.cl\/temas\/region-de-biobio\/\">Biob\u00edo<\/a>&nbsp;y&nbsp;<a href=\"https:\/\/www.meganoticias.cl\/temas\/region-de-la-araucania\/\">La Araucan\u00eda<\/a>&nbsp;decidieran suspender las clases en sus establecimientos&nbsp;<a href=\"https:\/\/www.meganoticias.cl\/temas\/elecciones-municipales-chile\/\">municipales<\/a>.&nbsp;<\/p>\n\n\n\n<p class=\"wp-block-paragraph\"><\/p>\n\n\n\n<p class=\"wp-block-paragraph\">Estas comunas son:&nbsp;<\/p>\n\n\n\n<p class=\"wp-block-paragraph\"><strong>Regi\u00f3n del&nbsp;<a href=\"https:\/\/www.meganoticias.cl\/temas\/region-de-biobio\/\">Biob\u00edo<\/a>:&nbsp;<\/strong>Los \u00c1ngeles, San Rosendo, Negrete, Nacimiento, Los \u00c1lamos, Curanilahue, Chihuayante, Hualqui, Arauco, Tom\u00e9, Hualp\u00e9n, Talcahuano, Lota, Santa Juana, San Pedro de La Paz y Coronel.<\/p>\n\n\n\n<p class=\"wp-block-paragraph\"><strong>Regi\u00f3n de&nbsp;<a href=\"https:\/\/www.meganoticias.cl\/temas\/region-de-la-araucania\/\">La Araucan\u00eda<\/a>:&nbsp;<\/strong>Angol, Victoria y Pitrufqu\u00e9n.<\/p>\n","protected":false},"excerpt":{"rendered":"<p>El&nbsp;Servicio Nacional de Prevenci\u00f3n y Respuesta ante Desastres (Senapred)&nbsp;entreg\u00f3 la ma\u00f1ana de este martes un balance respecto al&nbsp;sistema frontal&nbsp;que se ha registrado en la zona sur del pa\u00eds, y que ha dejado intensas&nbsp;lluvias.&nbsp; Regi\u00f3n del&nbsp;Biob\u00edo&nbsp;es la m\u00e1s afectada Seg\u00fan inform\u00f3&#8230;<\/p>\n","protected":false},"author":1,"featured_media":714,"comment_status":"open","ping_status":"open","sticky":false,"template":"","format":"standard","meta":{"footnotes":""},"categories":[1],"tags":[],"class_list":["post-713","post","type-post","status-publish","format-standard","has-post-thumbnail","hentry","category-noticias"],"_links":{"self":[{"href":"https:\/\/www.manantialradio.cl\/web\/wp-json\/wp\/v2\/posts\/713","targetHints":{"allow":["GET"]}}],"collection":[{"href":"https:\/\/www.manantialradio.cl\/web\/wp-json\/wp\/v2\/posts"}],"about":[{"href":"https:\/\/www.manantialradio.cl\/web\/wp-json\/wp\/v2\/types\/post"}],"author":[{"embeddable":true,"href":"https:\/\/www.manantialradio.cl\/web\/wp-json\/wp\/v2\/users\/1"}],"replies":[{"embeddable":true,"href":"https:\/\/www.manantialradio.cl\/web\/wp-json\/wp\/v2\/comments?post=713"}],"version-history":[{"count":1,"href":"https:\/\/www.manantialradio.cl\/web\/wp-json\/wp\/v2\/posts\/713\/revisions"}],"predecessor-version":[{"id":715,"href":"https:\/\/www.manantialradio.cl\/web\/wp-json\/wp\/v2\/posts\/713\/revisions\/715"}],"wp:featuredmedia":[{"embeddable":true,"href":"https:\/\/www.manantialradio.cl\/web\/wp-json\/wp\/v2\/media\/714"}],"wp:attachment":[{"href":"https:\/\/www.manantialradio.cl\/web\/wp-json\/wp\/v2\/media?parent=713"}],"wp:term":[{"taxonomy":"category","embeddable":true,"href":"https:\/\/www.manantialradio.cl\/web\/wp-json\/wp\/v2\/categories?post=713"},{"taxonomy":"post_tag","embeddable":true,"href":"https:\/\/www.manantialradio.cl\/web\/wp-json\/wp\/v2\/tags?post=713"}],"curies":[{"name":"wp","href":"https:\/\/api.w.org\/{rel}","templated":true}]}}