{"id":756,"date":"2024-06-15T18:04:19","date_gmt":"2024-06-15T18:04:19","guid":{"rendered":"https:\/\/www.manantialradio.cl\/web\/?p=756"},"modified":"2024-06-15T18:04:19","modified_gmt":"2024-06-15T18:04:19","slug":"tres-heridos-tras-balacera-en-discoteque-clandestina-de-recoleta-una-persona-se-encuentra-en-riesgo-vital","status":"publish","type":"post","link":"https:\/\/www.manantialradio.cl\/web\/2024\/06\/15\/tres-heridos-tras-balacera-en-discoteque-clandestina-de-recoleta-una-persona-se-encuentra-en-riesgo-vital\/","title":{"rendered":"Tres heridos tras balacera en discoteque clandestina de Recoleta: Una persona se encuentra en riesgo vital"},"content":{"rendered":"\n<p>Una balacera ocurrida la ma\u00f1ana de este s\u00e1bado en la comuna de Recoleta, en la&nbsp;<a href=\"https:\/\/www.meganoticias.cl\/temas\/region-metropolitana\/\">Regi\u00f3n Metropolitana<\/a>, dej\u00f3 a&nbsp;<strong>tres personas heridas<\/strong>, una de las cuales se encuentra hospitalizada en&nbsp;<strong>riesgo vital<\/strong>.<\/p>\n\n\n\n<h2 class=\"wp-block-heading\">Balacera en Recoleta<\/h2>\n\n\n\n<p>De acuerdo a la informaci\u00f3n preliminar, fue a eso de las 08:00 de la ma\u00f1ana cuando cuatro personas de nacionalidad peruana\u00a0<strong>sal\u00edan de un presunto local nocturno<\/strong>\u00a0ubicado en la intersecci\u00f3n de Einstein con La Conquista.<\/p>\n\n\n\n<p>Fue en ese contexto, y por razones que a\u00fan se investigan, en que \u00abotro u otros sujetos\u00bb&nbsp;<strong>dispararon municiones contra los ciudadanos peruanos<\/strong>, hiriendo finalmente a tres de ellos.<\/p>\n\n\n\n<p>Tras el ataque, los heridos fueron trasladados hasta el Hospital San Jos\u00e9, en donde&nbsp;<strong>uno de ellos se mantiene internado en riesgo vital<\/strong>.<\/p>\n\n\n\n<figure class=\"wp-block-image\"><img decoding=\"async\" src=\"https:\/\/images2-mega.cdn.mdstrm.com\/meganoticias\/2024\/06\/15\/_450288_3_666dc2427d3dc.jpg\" alt=\"Sitio de la balacera en Recoleta\"\/><figcaption class=\"wp-element-caption\">Meganoticias<\/figcaption><\/figure>\n\n\n\n<p>Hasta el lugar lleg\u00f3 personal de&nbsp;<a href=\"https:\/\/www.meganoticias.cl\/temas\/carabineros\/\" target=\"_blank\" rel=\"noreferrer noopener\">Carabineros<\/a>, quienes r\u00e1pidamente&nbsp;<strong>acordonaron el lugar e identificaron con conos los lugares en donde presuntamente cayeron los casquillos de las balas<\/strong>&nbsp;percutadas en el lugar.<a href=\"https:\/\/www.meganoticias.cl\/nacional\/450286-alza-precios-frutas-verduras-temporal-acotado-lluvias-ministro-agricultura-esteban-valenzuela-fds01-15-06-2024.html\" target=\"_blank\" rel=\"noreferrer noopener\">Ir a la siguiente nota<\/a><\/p>\n\n\n\n<h2 class=\"wp-block-heading\">Investigaci\u00f3n en curso<\/h2>\n\n\n\n<p>En estos momentos, se espera la llegada al sitio del suceso del&nbsp;<strong>Equipo de Crimen Organizado y Homicidios (ECOH) del Ministerio P\u00fablico<\/strong>, quienes iniciar\u00e1n la investigaci\u00f3n para dilucidar esta confusa balacera.<\/p>\n\n\n\n<p><\/p>\n\n\n\n<p>De acuerdo a la periodista de Meganoticias,&nbsp;<strong>Javiera Stuardo<\/strong>, en el lugar existe una serie de&nbsp;<strong>c\u00e1maras de seguridad<\/strong>, las que podr\u00edan ser de utilidad para esclarecer estos hechos y determinar el n\u00famero de atacantes.<\/p>\n\n\n\n<p>Por el momento el&nbsp;<strong>tr\u00e1nsito en calle La Conquista se encuentra completamente cerrado<\/strong>, ya que los equipos investigativos a\u00fan deben realizar las pericias correspondientes.<\/p>\n\n\n\n<h2 class=\"wp-block-heading\">Discoteque clandestina<\/h2>\n\n\n\n<p>De acuerdo a una vecina del sector que quiso proteger su identidad, situaciones como esta son recurrentes en el lugar, ya que all\u00ed funciona \u00ab<strong>una disco peruana donde hacen fiestas ilegales<\/strong>\u00ab.<\/p>\n\n\n\n<p>\u00ab<strong>Todas las semanas hay balazos, para m\u00ed no es nada nuevo<\/strong>. Todas las semanas hacen fiestas en la noche. Se han hecho los reclamos pertinentes a la municipalidad (&#8230;) los Carabineros ya no vienen\u00bb, dijo la vecina.<\/p>\n\n\n\n<p>\u00abEs s\u00faper triste la vida que estamos llevando, no sabemos qu\u00e9 hacer, a qui\u00e9n recurrir (&#8230;)&nbsp;<strong>Es terrible vivir aqu\u00ed, los balazos son viernes, s\u00e1bado y domingo<\/strong>\u00ab, agreg\u00f3.<\/p>\n\n\n\n<p>La due\u00f1a de un almac\u00e9n cercano dijo que escuch\u00f3 durante la ma\u00f1ana los balazos provenientes de la \u00abdiscoteque clandestina\u00bb y resguard\u00f3 en su local a unas vecinas que buscaban protegerse, adem\u00e1s se\u00f1al\u00f3 que&nbsp;<strong>vio escapar dos autos desde el lugar<\/strong>.<\/p>\n","protected":false},"excerpt":{"rendered":"<p>Una balacera ocurrida la ma\u00f1ana de este s\u00e1bado en la comuna de Recoleta, en la&nbsp;Regi\u00f3n Metropolitana, dej\u00f3 a&nbsp;tres personas heridas, una de las cuales se encuentra hospitalizada en&nbsp;riesgo vital. Balacera en Recoleta De acuerdo a la informaci\u00f3n preliminar, fue a&#8230;<\/p>\n","protected":false},"author":1,"featured_media":757,"comment_status":"open","ping_status":"open","sticky":false,"template":"","format":"standard","meta":{"footnotes":""},"categories":[1],"tags":[],"class_list":["post-756","post","type-post","status-publish","format-standard","has-post-thumbnail","hentry","category-noticias"],"_links":{"self":[{"href":"https:\/\/www.manantialradio.cl\/web\/wp-json\/wp\/v2\/posts\/756","targetHints":{"allow":["GET"]}}],"collection":[{"href":"https:\/\/www.manantialradio.cl\/web\/wp-json\/wp\/v2\/posts"}],"about":[{"href":"https:\/\/www.manantialradio.cl\/web\/wp-json\/wp\/v2\/types\/post"}],"author":[{"embeddable":true,"href":"https:\/\/www.manantialradio.cl\/web\/wp-json\/wp\/v2\/users\/1"}],"replies":[{"embeddable":true,"href":"https:\/\/www.manantialradio.cl\/web\/wp-json\/wp\/v2\/comments?post=756"}],"version-history":[{"count":1,"href":"https:\/\/www.manantialradio.cl\/web\/wp-json\/wp\/v2\/posts\/756\/revisions"}],"predecessor-version":[{"id":758,"href":"https:\/\/www.manantialradio.cl\/web\/wp-json\/wp\/v2\/posts\/756\/revisions\/758"}],"wp:featuredmedia":[{"embeddable":true,"href":"https:\/\/www.manantialradio.cl\/web\/wp-json\/wp\/v2\/media\/757"}],"wp:attachment":[{"href":"https:\/\/www.manantialradio.cl\/web\/wp-json\/wp\/v2\/media?parent=756"}],"wp:term":[{"taxonomy":"category","embeddable":true,"href":"https:\/\/www.manantialradio.cl\/web\/wp-json\/wp\/v2\/categories?post=756"},{"taxonomy":"post_tag","embeddable":true,"href":"https:\/\/www.manantialradio.cl\/web\/wp-json\/wp\/v2\/tags?post=756"}],"curies":[{"name":"wp","href":"https:\/\/api.w.org\/{rel}","templated":true}]}}