{"id":970,"date":"2024-07-10T13:31:45","date_gmt":"2024-07-10T13:31:45","guid":{"rendered":"https:\/\/www.manantialradio.cl\/web\/?p=970"},"modified":"2024-07-10T13:31:45","modified_gmt":"2024-07-10T13:31:45","slug":"chillan-helado-durante-los-proximos-dias-asi-descenderan-las-temperaturas","status":"publish","type":"post","link":"https:\/\/www.manantialradio.cl\/web\/2024\/07\/10\/chillan-helado-durante-los-proximos-dias-asi-descenderan-las-temperaturas\/","title":{"rendered":"Chill\u00e1n helado durante los pr\u00f3ximos d\u00edas: As\u00ed descender\u00e1n las temperaturas"},"content":{"rendered":"\n<p class=\"wp-block-paragraph\">Desde este&nbsp;<strong>mi\u00e9rcoles hasta el viernes 12 de julio<\/strong>,&nbsp;<strong>Chill\u00e1n<\/strong>&nbsp;contar\u00e1 con&nbsp;<a href=\"https:\/\/www.megatiempo.cl\/temas\/heladas\/\">heladas<\/a>&nbsp;y nubosidad. As\u00ed lo pronostic\u00f3 la Direcci\u00f3n Meteorol\u00f3gica de Chile (DMC) para la capital de la&nbsp;<a href=\"https:\/\/www.megatiempo.cl\/nuble\/\" target=\"_blank\" rel=\"noreferrer noopener\">regi\u00f3n de \u00d1uble<\/a>.<\/p>\n\n\n\n<h2 class=\"wp-block-heading\">\u00bfCu\u00e1l es el pron\u00f3stico del tiempo en Chill\u00e1n?<\/h2>\n\n\n\n<p class=\"wp-block-paragraph\">El\u00a0<strong>mi\u00e9rcoles 10 amanecer\u00e1n con -2\u00b0C y helada matinal<\/strong>. La nubes estar\u00e1n presente durante toda la jornada.<\/p>\n\n\n\n<p class=\"wp-block-paragraph\">El jueves y viernes los cielos estar\u00e1n entre nubosidad parcial y nublado hasta el mediod\u00eda. En la tarde se despejar\u00e1n para contribuir a mantener las bajas temperaturas.<\/p>\n\n\n\n<p class=\"wp-block-paragraph\"><strong>Ambos d\u00edas<\/strong>&nbsp;<strong>Chill\u00e1n tendr\u00e1&nbsp;<a href=\"https:\/\/www.megatiempo.cl\/temas\/heladas\/\">heladas<\/a>&nbsp;matinales<\/strong>: el jueves se repetir\u00e1n los -2\u00b0C y el viernes la m\u00ednima estar\u00e1 en los -1\u00b0C.<\/p>\n\n\n\n<p class=\"wp-block-paragraph\">Las&nbsp;<strong>m\u00e1ximas subir\u00e1n de forma progresiva<\/strong>&nbsp;con el pasar de los d\u00edas: 7\u00b0C, 9\u00b0C y para el viernes 11\u00b0C.<\/p>\n\n\n\n<p class=\"wp-block-paragraph\">T<\/p>\n","protected":false},"excerpt":{"rendered":"<p>Desde este&nbsp;mi\u00e9rcoles hasta el viernes 12 de julio,&nbsp;Chill\u00e1n&nbsp;contar\u00e1 con&nbsp;heladas&nbsp;y nubosidad. As\u00ed lo pronostic\u00f3 la Direcci\u00f3n Meteorol\u00f3gica de Chile (DMC) para la capital de la&nbsp;regi\u00f3n de \u00d1uble. \u00bfCu\u00e1l es el pron\u00f3stico del tiempo en Chill\u00e1n? El\u00a0mi\u00e9rcoles 10 amanecer\u00e1n con -2\u00b0C y&#8230;<\/p>\n","protected":false},"author":1,"featured_media":971,"comment_status":"open","ping_status":"open","sticky":false,"template":"","format":"standard","meta":{"footnotes":""},"categories":[1],"tags":[],"class_list":["post-970","post","type-post","status-publish","format-standard","has-post-thumbnail","hentry","category-noticias"],"_links":{"self":[{"href":"https:\/\/www.manantialradio.cl\/web\/wp-json\/wp\/v2\/posts\/970","targetHints":{"allow":["GET"]}}],"collection":[{"href":"https:\/\/www.manantialradio.cl\/web\/wp-json\/wp\/v2\/posts"}],"about":[{"href":"https:\/\/www.manantialradio.cl\/web\/wp-json\/wp\/v2\/types\/post"}],"author":[{"embeddable":true,"href":"https:\/\/www.manantialradio.cl\/web\/wp-json\/wp\/v2\/users\/1"}],"replies":[{"embeddable":true,"href":"https:\/\/www.manantialradio.cl\/web\/wp-json\/wp\/v2\/comments?post=970"}],"version-history":[{"count":1,"href":"https:\/\/www.manantialradio.cl\/web\/wp-json\/wp\/v2\/posts\/970\/revisions"}],"predecessor-version":[{"id":972,"href":"https:\/\/www.manantialradio.cl\/web\/wp-json\/wp\/v2\/posts\/970\/revisions\/972"}],"wp:featuredmedia":[{"embeddable":true,"href":"https:\/\/www.manantialradio.cl\/web\/wp-json\/wp\/v2\/media\/971"}],"wp:attachment":[{"href":"https:\/\/www.manantialradio.cl\/web\/wp-json\/wp\/v2\/media?parent=970"}],"wp:term":[{"taxonomy":"category","embeddable":true,"href":"https:\/\/www.manantialradio.cl\/web\/wp-json\/wp\/v2\/categories?post=970"},{"taxonomy":"post_tag","embeddable":true,"href":"https:\/\/www.manantialradio.cl\/web\/wp-json\/wp\/v2\/tags?post=970"}],"curies":[{"name":"wp","href":"https:\/\/api.w.org\/{rel}","templated":true}]}}